{"id":51455,"date":"2026-04-28T12:47:20","date_gmt":"2026-04-28T15:47:20","guid":{"rendered":"http:\/\/jornaldeitaipava.com.br\/?p=51455"},"modified":"2026-04-28T12:47:22","modified_gmt":"2026-04-28T15:47:22","slug":"firjan-senai-petropolis-oferece-32-vagas-gratuitas-para-cursos-de-qualificacao-profissional","status":"publish","type":"post","link":"https:\/\/jornaldeitaipava.com.br\/index.php\/2026\/04\/28\/firjan-senai-petropolis-oferece-32-vagas-gratuitas-para-cursos-de-qualificacao-profissional\/","title":{"rendered":"Firjan SENAI Petr\u00f3polis oferece 32 vagas gratuitas para cursos de qualifica\u00e7\u00e3o profissional"},"content":{"rendered":"\n<p>A escola Firjan SENAI Petr\u00f3polis oferece 32 vagas gratuitas para cursos de qualifica\u00e7\u00e3o profissional . As oportunidades s\u00e3o para os cursos de Programador Back-End e Programador Front-End , voltadas para profissionais t\u00e9cnicos ou para aqueles que estiverem em busca de capacita\u00e7\u00e3o para melhores oportunidades no mercado de trabalho. As inscri\u00e7\u00f5es devem ser feitas presencialmente na unidade na Rua Bingen, 130 .<\/p>\n\n\n\n<p>As aulas t\u00eam previs\u00e3o de in\u00edcio at\u00e9 o m\u00eas de agosto. A oferta faz parte do edital da Firjan SENAI que disponibiliza mais de 11 mil vagas em todo o estado. Os detalhes est\u00e3o dispon\u00edveis no edital na p\u00e1gina da Firjan SENAI neste link (&nbsp;<a href=\"https:\/\/firjansenai.com.br\/editaisgratuitos\" rel=\"noreferrer noopener\" target=\"_blank\">https:\/\/firjansenai.com.br\/editaisgratuitos&nbsp;<\/a>). Em Petr\u00f3polis, ser\u00e3o abertas quatro turmas com aulas no modo presencial, nos turnos da manh\u00e3, tarde e noite.<\/p>\n\n\n\n<p>As inscri\u00e7\u00f5es ser\u00e3o encerradas automaticamente para cada oferta assim que o n\u00famero de inscritos atingir o limite de vagas. Pelo estado, s\u00e3o ofertadas vagas para a forma\u00e7\u00e3o nas \u00e1reas de Alimentos e Bebidas, Audiovisual e Anima\u00e7\u00e3o Digital, Automa\u00e7\u00e3o e Mecatr\u00f4nica, Automotiva, Constru\u00e7\u00e3o Civil, Controle e Processos Industriais, Eletroeletr\u00f4nica, Energias Renov\u00e1veis, Gest\u00e3o, Gr\u00e1fica e M\u00eddias Impressas e Digitais, Informa\u00e7\u00e3o e Comunica\u00e7\u00e3o, Log\u00edstica, Metalmec\u00e2nica, Petr\u00f3leo e G\u00e1s, Refrigera\u00e7\u00e3o e Climatiza\u00e7\u00e3o, Tecnologia da Informa\u00e7\u00e3o e Vestu\u00e1rio.<\/p>\n\n\n\n<p>Pela Regi\u00e3o Metropolitana as vagas est\u00e3o distribu\u00eddas nas unidades Firjan SENAI Benfica, Itagua\u00ed, Jacarepagu\u00e1, Laranjeiras, Maracan\u00e3, Niter\u00f3i, Nova Igua\u00e7u, Santa Cruz, S\u00e3o Gon\u00e7alo, Sapuca\u00ed\/DigiTech, Tijuca, Vicente de Carvalho, Vila Isabel. As demais oportunidades s\u00e3o no interior, al\u00e9m de Petr\u00f3polis, h\u00e1 ofertas para as unidades de Campos, Maca\u00e9, P\u00e1dua, Itaperuna, Angra dos Reis, Barra do Pira\u00ed, Barra Mansa, Resende, Valen\u00e7a, Volta Redonda, Friburgo, Tr\u00eas Rios e Regi\u00e3o dos Lagos.<\/p>\n\n\n\n<p>Pr\u00e9-requisitos e inscri\u00e7\u00f5es<\/p>\n\n\n\n<p>Para participar, os candidatos devem preencher os pr\u00e9-requisitos espec\u00edficos dos cursos desejados, incluindo idade e escolaridade, al\u00e9m de renda familiar mensal per capita bruta de at\u00e9 1,5 sal\u00e1rio-m\u00ednimo federal, comprovada por meio de uma autodeclara\u00e7\u00e3o.<\/p>\n\n\n\n<p>Para os que optarem pelos cursos EaD, \u00e9 fundamental tamb\u00e9m ter acesso a um computador ou notebook, j\u00e1 que parte dos cursos ser\u00e1 realizada de forma on-line, seguindo a estrat\u00e9gia EAD.<\/p>\n\n\n\n<p>Ajuda para conseguir emprego<\/p>\n\n\n\n<p>Os alunos Firjan SENAI contam com o \u201cEscrit\u00f3rio de Carreira\u201d, da Firjan SENAI SESI, que conecta de forma personalizada os estudantes \u00e0s oportunidades de emprego na ind\u00fastria que tem o maior sal\u00e1rio de admiss\u00e3o entre todos os setores da economia, segundo pesquisa da Firjan.<\/p>\n\n\n\n<p>Nos primeiros tr\u00eas meses de programa, sete em cada 10 participantes conseguiram emprego. O Escrit\u00f3rio oferece ainda trilhas de forma\u00e7\u00e3o para o mercado de trabalho, mentorias, workshops e promove feiras de empregabilidade.<\/p>\n\n\n\n<p>Os alunos devem procurar a pr\u00f3pria unidade onde est\u00e3o matriculadas para participar das atividades.<\/p>\n\n\n\n<p><br>Escrit\u00f3rio de Carreira<br><a href=\"https:\/\/firjan.com.br\/noticias\/escritorio-de-carreira-firjan-senai-sesi-8AE4828D98619B130199730494C24A56-00.htm?&amp;IdEditoriaPrincipal=4028818B46DE6FAB0146DEB2D2623BE2\" rel=\"noreferrer noopener\" target=\"_blank\">https:\/\/firjan.com.br\/noticias\/escritorio-de-carreira-firjan-senai-sesi-8AE4828D98619B130199730494C24A56-00.htm?&amp;IdEditoriaPrincipal=4028818B46DE6FAB0146DEB2D2623BE2<\/a><\/p>\n","protected":false},"excerpt":{"rendered":"<p>A escola Firjan SENAI Petr\u00f3polis oferece 32 vagas gratuitas para cursos de qualifica\u00e7\u00e3o profissional .<\/p>\n","protected":false},"author":1,"featured_media":2228,"comment_status":"closed","ping_status":"open","sticky":false,"template":"","format":"standard","meta":{"spay_email":"","footnotes":"","jetpack_publicize_message":""},"categories":[24],"tags":[],"jetpack_featured_media_url":"https:\/\/i0.wp.com\/jornaldeitaipava.com.br\/wp-content\/uploads\/2020\/09\/industria-1.jpg?fit=1920%2C1080&ssl=1","jetpack_publicize_connections":[],"jetpack_sharing_enabled":true,"jetpack_likes_enabled":true,"jetpack-related-posts":[],"_links":{"self":[{"href":"https:\/\/jornaldeitaipava.com.br\/index.php\/wp-json\/wp\/v2\/posts\/51455"}],"collection":[{"href":"https:\/\/jornaldeitaipava.com.br\/index.php\/wp-json\/wp\/v2\/posts"}],"about":[{"href":"https:\/\/jornaldeitaipava.com.br\/index.php\/wp-json\/wp\/v2\/types\/post"}],"author":[{"embeddable":true,"href":"https:\/\/jornaldeitaipava.com.br\/index.php\/wp-json\/wp\/v2\/users\/1"}],"replies":[{"embeddable":true,"href":"https:\/\/jornaldeitaipava.com.br\/index.php\/wp-json\/wp\/v2\/comments?post=51455"}],"version-history":[{"count":1,"href":"https:\/\/jornaldeitaipava.com.br\/index.php\/wp-json\/wp\/v2\/posts\/51455\/revisions"}],"predecessor-version":[{"id":51456,"href":"https:\/\/jornaldeitaipava.com.br\/index.php\/wp-json\/wp\/v2\/posts\/51455\/revisions\/51456"}],"wp:featuredmedia":[{"embeddable":true,"href":"https:\/\/jornaldeitaipava.com.br\/index.php\/wp-json\/wp\/v2\/media\/2228"}],"wp:attachment":[{"href":"https:\/\/jornaldeitaipava.com.br\/index.php\/wp-json\/wp\/v2\/media?parent=51455"}],"wp:term":[{"taxonomy":"category","embeddable":true,"href":"https:\/\/jornaldeitaipava.com.br\/index.php\/wp-json\/wp\/v2\/categories?post=51455"},{"taxonomy":"post_tag","embeddable":true,"href":"https:\/\/jornaldeitaipava.com.br\/index.php\/wp-json\/wp\/v2\/tags?post=51455"}],"curies":[{"name":"wp","href":"https:\/\/api.w.org\/{rel}","templated":true}]}}