{"id":51480,"date":"2026-04-29T12:44:33","date_gmt":"2026-04-29T15:44:33","guid":{"rendered":"http:\/\/jornaldeitaipava.com.br\/?p=51480"},"modified":"2026-04-29T12:44:34","modified_gmt":"2026-04-29T15:44:34","slug":"fashion-revolution-bazar-de-trocas-movimenta-publico-diverso-e-reforca-consumo-consciente-em-petropolis","status":"publish","type":"post","link":"https:\/\/jornaldeitaipava.com.br\/index.php\/2026\/04\/29\/fashion-revolution-bazar-de-trocas-movimenta-publico-diverso-e-reforca-consumo-consciente-em-petropolis\/","title":{"rendered":"Fashion Revolution: Bazar de Trocas movimenta p\u00fablico diverso e refor\u00e7a consumo consciente em Petr\u00f3polis"},"content":{"rendered":"\n<p class=\"has-text-align-center\"><strong>Evento, na Est\u00e1cio, mostrou engajamento e novos h\u00e1bitos<\/strong><\/p>\n\n\n\n<p>Com circula\u00e7\u00e3o intensa de participantes e pe\u00e7as ganhando novos destinos, o Bazar de Trocas realizado na Est\u00e1cio Petr\u00f3polis nesta segunda (27) confirmou o engajamento do p\u00fablico com pr\u00e1ticas mais sustent\u00e1veis de consumo. A a\u00e7\u00e3o, integrada \u00e0 Semana Fashion Revolution, reuniu pessoas de diferentes idades no lounge do campus, no Bingen, transformando o espa\u00e7o em um ponto de encontro entre estilo, troca e reflex\u00e3o.<br>Ao longo de tr\u00eas horas de evento, o movimento foi constante. Roupas, acess\u00f3rios e hist\u00f3rias circularam entre os participantes, que apostaram na negocia\u00e7\u00e3o direta \u2014 sem uso de dinheiro \u2014 como forma de renovar o guarda-roupa. A diversidade do p\u00fablico chamou aten\u00e7\u00e3o: estudantes, fam\u00edlias e visitantes externos participaram ativamente da din\u00e2mica proposta.<br>Entre eles, a frequentadora Tina Colimodio comemorou a experi\u00eancia. \u201cJ\u00e1 consegui algumas pe\u00e7as e outras ainda vamos negociar. Est\u00e1 sendo muito bacana\u201d, contou, enquanto avaliava novas possibilidades entre as araras montadas no espa\u00e7o.<br>Mais do que a troca em si, o evento tamb\u00e9m funcionou como espa\u00e7o de conscientiza\u00e7\u00e3o. Organizadora local do Fashion Revolution, Ariane Egydio destacou o car\u00e1ter educativo da iniciativa. \u201cO movimento prop\u00f5e uma reflex\u00e3o sobre os impactos da ind\u00fastria da moda no meio ambiente e a import\u00e2ncia de estimular um olhar mais cr\u00edtico sobre a produ\u00e7\u00e3o e o consumo de roupas\u201d, acentuou.<br>A proposta ganhou ainda mais for\u00e7a com a participa\u00e7\u00e3o da consultora de moda Elaine Vieira, que auxiliou o p\u00fablico na montagem de looks e combina\u00e7\u00f5es. Para ela, o momento \u00e9 de mudan\u00e7a de mentalidade. \u201cHoje j\u00e1 existe no mundo mais roupa do que o suficiente. O desafio \u00e9 aproveitar melhor o que j\u00e1 temos, evitando o desperd\u00edcio\u201d, pontuou.<br>A percep\u00e7\u00e3o de mudan\u00e7a de h\u00e1bitos tamb\u00e9m apareceu nos relatos do p\u00fablico. Valdinea Ant\u00f4nia compartilhou sua experi\u00eancia pessoal com o consumo consciente. \u201cEu repenso muito mais o que compro hoje. Fiquei mais consciente, e minha fam\u00edlia tamb\u00e9m entrou nessa \u2014 embarcamos nesta pr\u00e1tica e agora todos frequentam bazares\u201d, afirmou.<br>O car\u00e1ter colaborativo do evento tamb\u00e9m foi ressaltado por quem esteve envolvido na realiza\u00e7\u00e3o. Idealizador da a\u00e7\u00e3o no campus, o aluno de Jornalismo Lucas Pereira destacou a for\u00e7a da mobiliza\u00e7\u00e3o: \u201cVer o engajamento das pessoas, participando de forma t\u00e3o ativa, mostra que a proposta \u00e9 essencial\u201d. A coordenadora dos cursos de Jornalismo e Publicidade, Estela Siqueira, chamou aten\u00e7\u00e3o para o papel formativo de iniciativas como essa: \u201cS\u00e3o experi\u00eancias que conectam teoria e pr\u00e1tica e ampliam o olhar dos alunos para quest\u00f5es urgentes da sociedade\u201d. J\u00e1 a diretora da unidade, Patr\u00edcia Bach, refor\u00e7ou o compromisso da institui\u00e7\u00e3o: \u201cA Est\u00e1cio busca promover a\u00e7\u00f5es que integrem educa\u00e7\u00e3o e responsabilidade social, aproximando a universidade da comunidade\u201d.<br>Na pr\u00e1tica, o bazar mostrou que pequenas mudan\u00e7as de h\u00e1bito podem gerar impacto coletivo. Ao estimular a circula\u00e7\u00e3o de pe\u00e7as e prolongar seu ciclo de vida, a iniciativa contribui para reduzir o descarte e refor\u00e7a uma l\u00f3gica de consumo mais consciente \u2014 alinhada aos princ\u00edpios do Fashion Revolution, movimento presente em mais de 100 pa\u00edses.<\/p>\n","protected":false},"excerpt":{"rendered":"<p>Evento, na Est\u00e1cio, mostrou engajamento e novos h\u00e1bitos Com circula\u00e7\u00e3o intensa de participantes e pe\u00e7as<\/p>\n","protected":false},"author":1,"featured_media":51481,"comment_status":"closed","ping_status":"open","sticky":false,"template":"","format":"standard","meta":{"spay_email":"","footnotes":"","jetpack_publicize_message":""},"categories":[24],"tags":[],"jetpack_featured_media_url":"https:\/\/i1.wp.com\/jornaldeitaipava.com.br\/wp-content\/uploads\/2026\/04\/WhatsApp-Image-2026-04-29-at-11.02.19.jpeg?fit=1280%2C960&ssl=1","jetpack_publicize_connections":[],"jetpack_sharing_enabled":true,"jetpack_likes_enabled":true,"jetpack-related-posts":[],"_links":{"self":[{"href":"https:\/\/jornaldeitaipava.com.br\/index.php\/wp-json\/wp\/v2\/posts\/51480"}],"collection":[{"href":"https:\/\/jornaldeitaipava.com.br\/index.php\/wp-json\/wp\/v2\/posts"}],"about":[{"href":"https:\/\/jornaldeitaipava.com.br\/index.php\/wp-json\/wp\/v2\/types\/post"}],"author":[{"embeddable":true,"href":"https:\/\/jornaldeitaipava.com.br\/index.php\/wp-json\/wp\/v2\/users\/1"}],"replies":[{"embeddable":true,"href":"https:\/\/jornaldeitaipava.com.br\/index.php\/wp-json\/wp\/v2\/comments?post=51480"}],"version-history":[{"count":1,"href":"https:\/\/jornaldeitaipava.com.br\/index.php\/wp-json\/wp\/v2\/posts\/51480\/revisions"}],"predecessor-version":[{"id":51482,"href":"https:\/\/jornaldeitaipava.com.br\/index.php\/wp-json\/wp\/v2\/posts\/51480\/revisions\/51482"}],"wp:featuredmedia":[{"embeddable":true,"href":"https:\/\/jornaldeitaipava.com.br\/index.php\/wp-json\/wp\/v2\/media\/51481"}],"wp:attachment":[{"href":"https:\/\/jornaldeitaipava.com.br\/index.php\/wp-json\/wp\/v2\/media?parent=51480"}],"wp:term":[{"taxonomy":"category","embeddable":true,"href":"https:\/\/jornaldeitaipava.com.br\/index.php\/wp-json\/wp\/v2\/categories?post=51480"},{"taxonomy":"post_tag","embeddable":true,"href":"https:\/\/jornaldeitaipava.com.br\/index.php\/wp-json\/wp\/v2\/tags?post=51480"}],"curies":[{"name":"wp","href":"https:\/\/api.w.org\/{rel}","templated":true}]}}