{"id":51486,"date":"2026-05-01T09:47:00","date_gmt":"2026-05-01T12:47:00","guid":{"rendered":"http:\/\/jornaldeitaipava.com.br\/?p=51486"},"modified":"2026-04-29T12:48:12","modified_gmt":"2026-04-29T15:48:12","slug":"petropolis-recebe-embaixador-da-india-na-quinta-edicao-do-festival-de-vedanta-e-autoconhecimento","status":"publish","type":"post","link":"https:\/\/jornaldeitaipava.com.br\/index.php\/2026\/05\/01\/petropolis-recebe-embaixador-da-india-na-quinta-edicao-do-festival-de-vedanta-e-autoconhecimento\/","title":{"rendered":"Petr\u00f3polis recebe embaixador da \u00cdndia na quinta edi\u00e7\u00e3o do Festival de Vedanta e Autoconhecimento"},"content":{"rendered":"\n<p class=\"has-text-align-center\"><strong>Evento acontece entre os dias 7 e 10 de maio, em Itaipava, e re\u00fane mestres, artistas e representantes da cultura v\u00e9dica<\/strong><\/p>\n\n\n\n<p>Petr\u00f3polis ser\u00e1 palco de um dos maiores encontros de autoconhecimento e espiritualidade do pa\u00eds. Entre os dias 7 e 10 de maio, Itaipava recebe a quinta edi\u00e7\u00e3o do Festival de Vedanta e Autoconhecimento, que neste ano ter\u00e1 como destaque a presen\u00e7a do embaixador da \u00cdndia no Brasil, Dinesh Bhatia, em sua primeira visita \u00e0 cidade.<\/p>\n\n\n\n<p>A expectativa \u00e9 receber entre 300 e 500 participantes ao longo dos quatro dias do festival, que teve in\u00edcio em 2022 e, desde ent\u00e3o, re\u00fane participantes de diferentes regi\u00f5es do Brasil em torno do estudo da tradi\u00e7\u00e3o v\u00e9dica e de pr\u00e1ticas voltadas ao desenvolvimento pessoal.<\/p>\n\n\n\n<p>\u201cReceber o embaixador da \u00cdndia em Petr\u00f3polis \u00e9 algo muito significativo para todos n\u00f3s e para o pr\u00f3prio festival. \u00c9 o reconhecimento da import\u00e2ncia desse trabalho que vem sendo desenvolvido ao longo dos \u00faltimos anos\u201d, destaca o Acharya de Vedanta Jonas Masetti. \u201cAl\u00e9m disso, vamos receber tamb\u00e9m um grupo de artistas indianos, entre m\u00fasicos e dan\u00e7arinos, que v\u00eam compartilhar uma tradi\u00e7\u00e3o muito rica, constru\u00edda ao longo de muitos anos de estudo e dedica\u00e7\u00e3o\u201d, completa.<\/p>\n\n\n\n<p>Apresenta\u00e7\u00f5es indianas trazem experi\u00eancia imersiva ao p\u00fablico<br>Al\u00e9m da presen\u00e7a diplom\u00e1tica, a programa\u00e7\u00e3o deste ano contar\u00e1 com cerca de 15 artistas profissionais indianos, que se apresentam ao longo do evento com m\u00fasica e dan\u00e7a cl\u00e1ssica da \u00cdndia. As apresenta\u00e7\u00f5es acontecem na sexta e no s\u00e1bado, sempre no per\u00edodo da noite, e trazem ao p\u00fablico uma experi\u00eancia cultural que vai al\u00e9m do entretenimento.<\/p>\n\n\n\n<p>Na dan\u00e7a cl\u00e1ssica indiana, cada movimento \u00e9 parte de uma narrativa. As apresenta\u00e7\u00f5es se aproximam do teatro, em que hist\u00f3rias s\u00e3o contadas por meio da express\u00e3o corporal, em sincronia com a m\u00fasica. J\u00e1 a m\u00fasica indiana tem um car\u00e1ter contemplativo, \u00e9 voltado \u00e0 introspec\u00e7\u00e3o e ao equil\u00edbrio emocional, ajudando a acalmar o cora\u00e7\u00e3o.<\/p>\n\n\n\n<p>O Festival de Vedanta \u00e9 uma celebra\u00e7\u00e3o da tradi\u00e7\u00e3o v\u00e9dica e re\u00fane tamb\u00e9m convidados de diferentes culturas e linhas de conhecimento. Ao longo dos quatro dias de evento, o p\u00fablico ter\u00e1 acesso a uma programa\u00e7\u00e3o que inclui aulas de Vedanta, pr\u00e1ticas de Yoga, medita\u00e7\u00e3o, Homa (cerim\u00f4nia do fogo) e outras viv\u00eancias.<\/p>\n\n\n\n<p><strong>Anivers\u00e1rio do Instituto Vishva Vidya<br><\/strong>O evento tamb\u00e9m marca um momento especial: o anivers\u00e1rio de 12 anos do Instituto Vishva Vidya, centro de estudos de Vedanta, S\u00e2nscrito e outras disciplinas da Tradi\u00e7\u00e3o V\u00e9dica, com sede em Petr\u00f3polis e fundado pelo Acharya de Vedanta Jonas Masetti, idealizador do festival e reconhecido pelo governo indiano como um dos embaixadores da Tradi\u00e7\u00e3o V\u00e9dica no Ocidente.<\/p>\n\n\n\n<p>Mais do que um evento, o festival representa o encontro de uma comunidade que vem crescendo no Brasil. \u201cEssa \u00e9 uma celebra\u00e7\u00e3o de uma fam\u00edlia espiritual muito grande, que se re\u00fane todos os anos para compartilhar conhecimento, fortalecer v\u00ednculos e promover transforma\u00e7\u00e3o pessoal\u201d, afirma Masetti.<\/p>\n\n\n\n<p>A quinta edi\u00e7\u00e3o do Festival de Vedanta acontece na Granja Brasil, em Itaipava, e as vagas s\u00e3o limitadas. Os interessados podem obter mais informa\u00e7\u00f5es e se inscrever pelo site oficial do instituto: www.vedanta.com.br.<\/p>\n","protected":false},"excerpt":{"rendered":"<p>Evento acontece entre os dias 7 e 10 de maio, em Itaipava, e re\u00fane mestres,<\/p>\n","protected":false},"author":1,"featured_media":51487,"comment_status":"closed","ping_status":"open","sticky":false,"template":"","format":"standard","meta":{"spay_email":"","footnotes":"","jetpack_publicize_message":""},"categories":[42],"tags":[],"jetpack_featured_media_url":"https:\/\/i1.wp.com\/jornaldeitaipava.com.br\/wp-content\/uploads\/2026\/04\/WhatsApp-Image-2026-04-29-at-10.59.38.jpeg?fit=1024%2C683&ssl=1","jetpack_publicize_connections":[],"jetpack_sharing_enabled":true,"jetpack_likes_enabled":true,"jetpack-related-posts":[],"_links":{"self":[{"href":"https:\/\/jornaldeitaipava.com.br\/index.php\/wp-json\/wp\/v2\/posts\/51486"}],"collection":[{"href":"https:\/\/jornaldeitaipava.com.br\/index.php\/wp-json\/wp\/v2\/posts"}],"about":[{"href":"https:\/\/jornaldeitaipava.com.br\/index.php\/wp-json\/wp\/v2\/types\/post"}],"author":[{"embeddable":true,"href":"https:\/\/jornaldeitaipava.com.br\/index.php\/wp-json\/wp\/v2\/users\/1"}],"replies":[{"embeddable":true,"href":"https:\/\/jornaldeitaipava.com.br\/index.php\/wp-json\/wp\/v2\/comments?post=51486"}],"version-history":[{"count":1,"href":"https:\/\/jornaldeitaipava.com.br\/index.php\/wp-json\/wp\/v2\/posts\/51486\/revisions"}],"predecessor-version":[{"id":51488,"href":"https:\/\/jornaldeitaipava.com.br\/index.php\/wp-json\/wp\/v2\/posts\/51486\/revisions\/51488"}],"wp:featuredmedia":[{"embeddable":true,"href":"https:\/\/jornaldeitaipava.com.br\/index.php\/wp-json\/wp\/v2\/media\/51487"}],"wp:attachment":[{"href":"https:\/\/jornaldeitaipava.com.br\/index.php\/wp-json\/wp\/v2\/media?parent=51486"}],"wp:term":[{"taxonomy":"category","embeddable":true,"href":"https:\/\/jornaldeitaipava.com.br\/index.php\/wp-json\/wp\/v2\/categories?post=51486"},{"taxonomy":"post_tag","embeddable":true,"href":"https:\/\/jornaldeitaipava.com.br\/index.php\/wp-json\/wp\/v2\/tags?post=51486"}],"curies":[{"name":"wp","href":"https:\/\/api.w.org\/{rel}","templated":true}]}}