{"id":51502,"date":"2026-04-30T12:59:04","date_gmt":"2026-04-30T15:59:04","guid":{"rendered":"http:\/\/jornaldeitaipava.com.br\/?p=51502"},"modified":"2026-04-30T12:59:07","modified_gmt":"2026-04-30T15:59:07","slug":"enel-rio-identifica-ligacao-irregular-de-energia-em-pousada-spa-de-itaipava","status":"publish","type":"post","link":"https:\/\/jornaldeitaipava.com.br\/index.php\/2026\/04\/30\/enel-rio-identifica-ligacao-irregular-de-energia-em-pousada-spa-de-itaipava\/","title":{"rendered":"ENEL RIO IDENTIFICA LIGA\u00c7\u00c3O IRREGULAR DE ENERGIA\u00a0EM POUSADA SPA DE ITAIPAVA"},"content":{"rendered":"\n<p>A Enel Rio realizou nessa ter\u00e7a-feira (28) em Itaipava, distrito de Petr\u00f3polis, uma opera\u00e7\u00e3o de combate a irregularidades no consumo de energia. Na a\u00e7\u00e3o, que contou com o apoio da 106\u00aa DP e a Per\u00edcia Criminal, os t\u00e9cnicos identificaram que uma pousada spa possu\u00eda liga\u00e7\u00e3o direta de energia, fraude que foi desfeita com o corte e retirada do ramal, deixando o local sem energia el\u00e9trica.<\/p>\n\n\n\n<p>O propriet\u00e1rio da pousada foi conduzido \u00e0 delegacia e preso em flagrante. Antes de deixar a 106\u00aa DP, ele pagou uma fian\u00e7a de R$ 1.000, e responder\u00e1 em liberdade pelo crime de furto\/fraude de energia.<\/p>\n\n\n\n<p><strong>Furtar&nbsp;energia&nbsp;\u00e9 crime e causa riscos<\/strong><\/p>\n\n\n\n<p>Furtar&nbsp;energia&nbsp;\u00e9 crime com pena prevista de um a quatro anos de reclus\u00e3o. Com a nova lei sancionada, se o crime envolver cabos de&nbsp;energia, telefonia, dados ou transporte ferrovi\u00e1rio e metrovi\u00e1rio, a pena pode subir para at\u00e9 oito anos.<\/p>\n\n\n\n<p>Quem realiza &#8220;gato&#8221; de&nbsp;energia&nbsp;tamb\u00e9m est\u00e1 sujeito ao pagamento dos valores correspondentes ao consumo n\u00e3o registrado durante o per\u00edodo da irregularidade. Al\u00e9m disso, o&nbsp;furto&nbsp;de&nbsp;energia&nbsp;compromete diretamente a qualidade do servi\u00e7o prestado pela distribuidora e coloca em risco a seguran\u00e7a da popula\u00e7\u00e3o, especialmente de quem manipula a rede el\u00e9trica de forma clandestina.<\/p>\n\n\n\n<p>As liga\u00e7\u00f5es irregulares podem causar curtos-circuitos e sobrecargas na rede, al\u00e9m de provocar interrup\u00e7\u00f5es no fornecimento de&nbsp;energia. A estimativa da Enel \u00e9 que, se n\u00e3o houvesse&nbsp;furto&nbsp;de&nbsp;energia, as tarifas de todos os consumidores da Enel Rio poderiam ser reduzidas em cerca de 5%.<\/p>\n\n\n\n<p><strong>Sobre a Enel Distribui\u00e7\u00e3o Rio<\/strong><\/p>\n\n\n\n<p>A Enel Distribui\u00e7\u00e3o Rio atende 66 munic\u00edpios do estado do Rio de Janeiro, abrangendo 73% do territ\u00f3rio estadual, com cobertura de uma \u00e1rea de 32.188 km\u00b2. A Regi\u00e3o Metropolitana de Niter\u00f3i e S\u00e3o Gon\u00e7alo e os munic\u00edpios de Itabora\u00ed e Mag\u00e9 representam a maior concentra\u00e7\u00e3o do total de 3 milh\u00f5es de clientes atendidos pela companhia.<\/p>\n","protected":false},"excerpt":{"rendered":"<p>A Enel Rio realizou nessa ter\u00e7a-feira (28) em Itaipava, distrito de Petr\u00f3polis, uma opera\u00e7\u00e3o de<\/p>\n","protected":false},"author":1,"featured_media":51503,"comment_status":"closed","ping_status":"open","sticky":false,"template":"","format":"standard","meta":{"spay_email":"","footnotes":"","jetpack_publicize_message":""},"categories":[2],"tags":[],"jetpack_featured_media_url":"https:\/\/i2.wp.com\/jornaldeitaipava.com.br\/wp-content\/uploads\/2026\/04\/Operativo-Itaipava-e1777564734317.jpg?fit=270%2C246&ssl=1","jetpack_publicize_connections":[],"jetpack_sharing_enabled":true,"jetpack_likes_enabled":true,"jetpack-related-posts":[],"_links":{"self":[{"href":"https:\/\/jornaldeitaipava.com.br\/index.php\/wp-json\/wp\/v2\/posts\/51502"}],"collection":[{"href":"https:\/\/jornaldeitaipava.com.br\/index.php\/wp-json\/wp\/v2\/posts"}],"about":[{"href":"https:\/\/jornaldeitaipava.com.br\/index.php\/wp-json\/wp\/v2\/types\/post"}],"author":[{"embeddable":true,"href":"https:\/\/jornaldeitaipava.com.br\/index.php\/wp-json\/wp\/v2\/users\/1"}],"replies":[{"embeddable":true,"href":"https:\/\/jornaldeitaipava.com.br\/index.php\/wp-json\/wp\/v2\/comments?post=51502"}],"version-history":[{"count":1,"href":"https:\/\/jornaldeitaipava.com.br\/index.php\/wp-json\/wp\/v2\/posts\/51502\/revisions"}],"predecessor-version":[{"id":51504,"href":"https:\/\/jornaldeitaipava.com.br\/index.php\/wp-json\/wp\/v2\/posts\/51502\/revisions\/51504"}],"wp:featuredmedia":[{"embeddable":true,"href":"https:\/\/jornaldeitaipava.com.br\/index.php\/wp-json\/wp\/v2\/media\/51503"}],"wp:attachment":[{"href":"https:\/\/jornaldeitaipava.com.br\/index.php\/wp-json\/wp\/v2\/media?parent=51502"}],"wp:term":[{"taxonomy":"category","embeddable":true,"href":"https:\/\/jornaldeitaipava.com.br\/index.php\/wp-json\/wp\/v2\/categories?post=51502"},{"taxonomy":"post_tag","embeddable":true,"href":"https:\/\/jornaldeitaipava.com.br\/index.php\/wp-json\/wp\/v2\/tags?post=51502"}],"curies":[{"name":"wp","href":"https:\/\/api.w.org\/{rel}","templated":true}]}}