{"id":51509,"date":"2026-04-30T13:03:04","date_gmt":"2026-04-30T16:03:04","guid":{"rendered":"http:\/\/jornaldeitaipava.com.br\/?p=51509"},"modified":"2026-04-30T13:03:05","modified_gmt":"2026-04-30T16:03:05","slug":"prefeitos-do-norte-fluminense-fecham-frente-na-alerj-e-pressionam-stf-por-royalties","status":"publish","type":"post","link":"https:\/\/jornaldeitaipava.com.br\/index.php\/2026\/04\/30\/prefeitos-do-norte-fluminense-fecham-frente-na-alerj-e-pressionam-stf-por-royalties\/","title":{"rendered":"Prefeitos do Norte Fluminense fecham frente na Alerj e pressionam STF por royalties"},"content":{"rendered":"\n<p class=\"has-text-align-center\"><strong>Lideran\u00e7as alertam para perdas bilion\u00e1rias e impacto direto em servi\u00e7os p\u00fablicos antes de julgamento decisivo<\/strong><\/p>\n\n\n\n<p><strong><br><\/strong>Prefeitos do Norte Fluminense refor\u00e7aram a press\u00e3o pol\u00edtica e ocuparam a Assembleia Legislativa do Estado do Rio de Janeiro com um recado direto ao Supremo Tribunal Federal: a manuten\u00e7\u00e3o dos royalties \u00e9 vista como essencial para a sobreviv\u00eancia financeira dos munic\u00edpios produtores. A mobiliza\u00e7\u00e3o reuniu gestores, t\u00e9cnicos e representantes institucionais em um dos debates mais sens\u00edveis do momento.<\/p>\n\n\n\n<p>Entre os participantes, estiveram&nbsp;Marcelo Batista,&nbsp;Bernard Tavares&nbsp;e&nbsp;Frederico Paes, que defenderam a uni\u00e3o regional como estrat\u00e9gia para enfrentar o risco de mudan\u00e7as na divis\u00e3o dos recursos do petr\u00f3leo. O encontro tamb\u00e9m contou com representantes de outras cidades diretamente impactadas pela atividade petrol\u00edfera.<\/p>\n\n\n\n<p>O centro da discuss\u00e3o est\u00e1 na Lei 12.734 de 2012, que prop\u00f5e altera\u00e7\u00f5es na distribui\u00e7\u00e3o dos royalties. Caso seja considerada constitucional pelo STF, a medida pode provocar uma redu\u00e7\u00e3o significativa nas receitas do Estado do Rio e, principalmente, dos munic\u00edpios produtores. Proje\u00e7\u00f5es apontam perdas que podem ultrapassar R$ 22 bilh\u00f5es por ano.<\/p>\n\n\n\n<p>Durante a audi\u00eancia, o presidente da Alerj, deputado&nbsp;Douglas Ruas, anunciou que levar\u00e1 ao ministro&nbsp;Edson Fachin&nbsp;um manifesto em defesa do estado. O documento sustenta que os royalties t\u00eam car\u00e1ter compensat\u00f3rio, j\u00e1 que cidades produtoras enfrentam impactos diretos como crescimento populacional acelerado, press\u00e3o sobre servi\u00e7os p\u00fablicos e desafios ambientais.<\/p>\n\n\n\n<p>Prefeitos destacaram que o debate n\u00e3o se limita a n\u00fameros. A poss\u00edvel redu\u00e7\u00e3o de receitas pode afetar o funcionamento de hospitais, escolas, transporte p\u00fablico e obras de infraestrutura. Para eles, o risco \u00e9 de desequil\u00edbrio fiscal com reflexos imediatos na vida da popula\u00e7\u00e3o.<\/p>\n\n\n\n<p>Marcelo Batista&nbsp;enfatizou que a uni\u00e3o entre munic\u00edpios fortalece a defesa regional. J\u00e1&nbsp;Bernard Tavares&nbsp;destacou a import\u00e2ncia do di\u00e1logo e da constru\u00e7\u00e3o coletiva para garantir desenvolvimento equilibrado.&nbsp;Frederico Paes&nbsp;tamb\u00e9m refor\u00e7ou a necessidade de manter regras est\u00e1veis para assegurar planejamento financeiro.<\/p>\n\n\n\n<p>A presen\u00e7a de equipes t\u00e9cnicas e jur\u00eddicas demonstrou que a mobiliza\u00e7\u00e3o vai al\u00e9m do discurso pol\u00edtico e envolve estrat\u00e9gia para preservar a seguran\u00e7a jur\u00eddica e a previsibilidade das receitas p\u00fablicas.<\/p>\n\n\n\n<p>O julgamento, marcado para o dia 6 de maio, ser\u00e1 determinante para o futuro da distribui\u00e7\u00e3o dos royalties. At\u00e9 l\u00e1, prefeitos e lideran\u00e7as seguem articulando a\u00e7\u00f5es para evitar uma mudan\u00e7a que pode atingir diretamente a economia e o cotidiano de milhares de moradores do interior do estado.<\/p>\n","protected":false},"excerpt":{"rendered":"<p>Lideran\u00e7as alertam para perdas bilion\u00e1rias e impacto direto em servi\u00e7os p\u00fablicos antes de julgamento decisivo<\/p>\n","protected":false},"author":1,"featured_media":51510,"comment_status":"closed","ping_status":"open","sticky":false,"template":"","format":"standard","meta":{"spay_email":"","footnotes":"","jetpack_publicize_message":""},"categories":[44],"tags":[],"jetpack_featured_media_url":"https:\/\/i2.wp.com\/jornaldeitaipava.com.br\/wp-content\/uploads\/2026\/04\/Prefeitos-e-representantes-do-interior-do-Rio-se-reunem-na-Alerj-em-defesa-dos-royalties-do-petroleo-1-2.jpeg?fit=1280%2C960&ssl=1","jetpack_publicize_connections":[],"jetpack_sharing_enabled":true,"jetpack_likes_enabled":true,"jetpack-related-posts":[],"_links":{"self":[{"href":"https:\/\/jornaldeitaipava.com.br\/index.php\/wp-json\/wp\/v2\/posts\/51509"}],"collection":[{"href":"https:\/\/jornaldeitaipava.com.br\/index.php\/wp-json\/wp\/v2\/posts"}],"about":[{"href":"https:\/\/jornaldeitaipava.com.br\/index.php\/wp-json\/wp\/v2\/types\/post"}],"author":[{"embeddable":true,"href":"https:\/\/jornaldeitaipava.com.br\/index.php\/wp-json\/wp\/v2\/users\/1"}],"replies":[{"embeddable":true,"href":"https:\/\/jornaldeitaipava.com.br\/index.php\/wp-json\/wp\/v2\/comments?post=51509"}],"version-history":[{"count":1,"href":"https:\/\/jornaldeitaipava.com.br\/index.php\/wp-json\/wp\/v2\/posts\/51509\/revisions"}],"predecessor-version":[{"id":51511,"href":"https:\/\/jornaldeitaipava.com.br\/index.php\/wp-json\/wp\/v2\/posts\/51509\/revisions\/51511"}],"wp:featuredmedia":[{"embeddable":true,"href":"https:\/\/jornaldeitaipava.com.br\/index.php\/wp-json\/wp\/v2\/media\/51510"}],"wp:attachment":[{"href":"https:\/\/jornaldeitaipava.com.br\/index.php\/wp-json\/wp\/v2\/media?parent=51509"}],"wp:term":[{"taxonomy":"category","embeddable":true,"href":"https:\/\/jornaldeitaipava.com.br\/index.php\/wp-json\/wp\/v2\/categories?post=51509"},{"taxonomy":"post_tag","embeddable":true,"href":"https:\/\/jornaldeitaipava.com.br\/index.php\/wp-json\/wp\/v2\/tags?post=51509"}],"curies":[{"name":"wp","href":"https:\/\/api.w.org\/{rel}","templated":true}]}}