{"id":51514,"date":"2026-04-30T13:19:44","date_gmt":"2026-04-30T16:19:44","guid":{"rendered":"http:\/\/jornaldeitaipava.com.br\/?p=51514"},"modified":"2026-04-30T13:19:47","modified_gmt":"2026-04-30T16:19:47","slug":"duo-flauta-fagote-passeia-pela-franca-e-pelo-brasil-na-casa-stefan-zweig","status":"publish","type":"post","link":"https:\/\/jornaldeitaipava.com.br\/index.php\/2026\/04\/30\/duo-flauta-fagote-passeia-pela-franca-e-pelo-brasil-na-casa-stefan-zweig\/","title":{"rendered":"Duo flauta\/fagote passeia pela Fran\u00e7a e pelo Brasil na Casa Stefan Zweig"},"content":{"rendered":"\n<p><strong>S\u00e1bado 2 de maio de 2026, 11h<\/strong><\/p>\n\n\n\n<p>Para distrair os vizinhos do t\u00e9dio e do isolamento social impostos pela pandemia, Sofia Ceccato e Simon B\u00e9chemin come\u00e7aram a tocar na varanda do seu apartamento. Assim nasceu o Duo Ceccato e B\u00e9chemin, que combina a delicadeza da flauta transversa com os graves profundos e o timbre encorpado do fagote em uma riqueza sonora \u00fanica.<\/p>\n\n\n\n<p>O repert\u00f3rio foi escolhido a dedo para a apresenta\u00e7\u00e3o no museu Casa Stefan Zweig nesse s\u00e1bado, 2 de maio, \u00e0s 11h. A instrumentista carioca e o m\u00fasico de La Rochelle, hist\u00f3rica cidade portu\u00e1ria na costa atl\u00e2ntica da Fran\u00e7a, tocar\u00e3o compositores franceses e brasileiros e conversar\u00e3o com o p\u00fablico sobre as obras e as particularidades dos seus instrumentos.<\/p>\n\n\n\n<p>Graduada em flauta pela UFRJ, Sofia \u00e9 flautista solista da Orquestra Sinf\u00f4nica do Theatro Municipal do Rio de Janeiro, Mestre em pr\u00e1ticas interpretativas pela Unirio, tem p\u00f3s-gradua\u00e7\u00e3o em m\u00fasica de c\u00e2mara pelo Conservat\u00f3rio Brasileiro de M\u00fasica. Integra ainda o Trio Capitu, um conjunto de sopros formado s\u00f3 por mulheres.<\/p>\n\n\n\n<p>Simon B\u00e9chemin se formou pelo Conservatoire National de Paris, na turma de Laurent Lef\u00e8vre, onde obteve seu primeiro pr\u00eamio. Continuou os estudos na Escola Superior de M\u00fasica de Col\u00f4nia, com Georg Kl\u00fctsch. \u00c9 membro da Orquestra Sinf\u00f4nica Brasileira desde 2014 e colabora em outras orquestras e conjuntos, como o Quinteto Villa-Lobos e a Orquestra Barroca da Unirio, institui\u00e7\u00e3o onde tamb\u00e9m obteve grau de mestre.<\/p>\n\n\n\n<p>A Casa Stefan Zweig \u00e9 uma entidade cultural de direito privado, sem fins lucrativos, cujo prinicpal objetivo \u00e9 homenagear a mem\u00f3ria de Stefan Zweig na casa que serviu de \u00faltima morada para o escritor e sua mulher. O museu \u00e9 tamb\u00e9m um Memorial do Ex\u00edlio, destinado a divulgar as obras de outros artistas, intelectuais e cientistas que se refugiaram no Brasil durante no per\u00edodo 1933-1945 e que contribu\u00edram para a cultura, as artes e a ci\u00eancia do pa\u00eds. Este evento \u00e9 poss\u00edvel gra\u00e7as \u00e0 Lei Federal de Incentivo \u00e0 Cultura (Lei Rouanet).<\/p>\n\n\n\n<p>Os concertos da s\u00e9rie M\u00fasica na Casa Stefan Zweig acontecem todo m\u00eas no primeiro ou segundo s\u00e1bado, sempre \u00e0s 11h. A pr\u00f3xima atra\u00e7\u00e3o ser\u00e1 no s\u00e1bado<strong>,&nbsp;<\/strong>6 de junho,&nbsp;com a mezzo-soprano Carolina Faria e o violonista Marco Lima.<\/p>\n\n\n\n<p><strong>Servi\u00e7o:<\/strong><\/p>\n\n\n\n<p><strong>Duo Ceccato e B\u00e9chemin<\/strong><\/p>\n\n\n\n<p><strong>S\u00e1bado, 2 de maio de 2026, 11h<\/strong><\/p>\n\n\n\n<p><strong>Rua Gon\u00e7alves Dias, 34, Valpara\u00edso (pr\u00f3ximo \u00e0s Duas Pontes)<\/strong><\/p>\n\n\n\n<p><strong>Entrada franca<\/strong><\/p>\n\n\n\n<p><strong>PROGRAMA<\/strong><\/p>\n\n\n\n<p>OSVALDO LACERDA (1927-2011)<\/p>\n\n\n\n<p><strong>Inven\u00e7\u00e3o para Flauta e Fagote&nbsp;<\/strong><\/p>\n\n\n\n<p>JOHANN SEBASTIAN BACH (1685-1750)<\/p>\n\n\n\n<p><strong>Inven\u00e7\u00f5es a duas vozes<\/strong><\/p>\n\n\n\n<p>Inven\u00e7\u00e3o 8<\/p>\n\n\n\n<p>Inven\u00e7\u00e3o 13<\/p>\n\n\n\n<p><strong>Su\u00edte Orquestral n\u00ba 2 em si menor, BWV 1067<\/strong><\/p>\n\n\n\n<p>VI. Minueto<\/p>\n\n\n\n<p>VII. Badinerie<\/p>\n\n\n\n<p>JOSEF FIALA (1748-1816)<\/p>\n\n\n\n<p><strong>Duo Concertante n\u00ba 1 em F\u00e1 maior<\/strong><\/p>\n\n\n\n<p>I &#8211; Allegro assai<\/p>\n\n\n\n<p>CLAUDE DEBUSSY (1862-1918)<\/p>\n\n\n\n<p><strong>R\u00eaverie<\/strong><\/p>\n\n\n\n<p>Arr. Simon B\u00e9chemin<\/p>\n\n\n\n<p>FRUCTUOSO VIANNA (1896-1976)<\/p>\n\n\n\n<p><strong>Seresta para flauta e fagote (1944)<\/strong><\/p>\n\n\n\n<p>EUG\u00c8NE BOZZA (1905-1991)<\/p>\n\n\n\n<p><strong>Contrastes I para flauta e fagote (1977)<\/strong><\/p>\n\n\n\n<p>3 &#8211; Allegretto<\/p>\n\n\n\n<p>4- Allegretto<\/p>\n\n\n\n<p>5- Largetto sostenuto<\/p>\n\n\n\n<p>8- Allegro<\/p>\n\n\n\n<p>ERIK SATIE (1866-1925)<\/p>\n\n\n\n<p><strong>Gnossienne n. 1<\/strong><\/p>\n\n\n\n<p>Arr. Simon B\u00e9chemin<\/p>\n\n\n\n<p>CHIQUINHA GONZAGA (1847-1935)<\/p>\n\n\n\n<p><strong>Atraente<\/strong>&nbsp;<\/p>\n\n\n\n<p>HEITOR VILLA-LOBOS (1887-1959)<\/p>\n\n\n\n<p><strong>Bachianas Brasileiras n. 5<\/strong><\/p>\n\n\n\n<p>\u00c1ria<\/p>\n\n\n\n<p>PIXINGUINHA e BENEDITO LACERDA<\/p>\n\n\n\n<p><strong>O Gato e o Can\u00e1rio<\/strong><\/p>\n\n\n\n<p>Arr. Mario S\u00e8ve<\/p>\n","protected":false},"excerpt":{"rendered":"<p>S\u00e1bado 2 de maio de 2026, 11h Para distrair os vizinhos do t\u00e9dio e do<\/p>\n","protected":false},"author":1,"featured_media":33608,"comment_status":"closed","ping_status":"open","sticky":false,"template":"","format":"standard","meta":{"spay_email":"","footnotes":"","jetpack_publicize_message":""},"categories":[1],"tags":[],"jetpack_featured_media_url":"https:\/\/i1.wp.com\/jornaldeitaipava.com.br\/wp-content\/uploads\/2023\/03\/STEFAN-ZWEIG.jpg?fit=1200%2C803&ssl=1","jetpack_publicize_connections":[],"jetpack_sharing_enabled":true,"jetpack_likes_enabled":true,"jetpack-related-posts":[],"_links":{"self":[{"href":"https:\/\/jornaldeitaipava.com.br\/index.php\/wp-json\/wp\/v2\/posts\/51514"}],"collection":[{"href":"https:\/\/jornaldeitaipava.com.br\/index.php\/wp-json\/wp\/v2\/posts"}],"about":[{"href":"https:\/\/jornaldeitaipava.com.br\/index.php\/wp-json\/wp\/v2\/types\/post"}],"author":[{"embeddable":true,"href":"https:\/\/jornaldeitaipava.com.br\/index.php\/wp-json\/wp\/v2\/users\/1"}],"replies":[{"embeddable":true,"href":"https:\/\/jornaldeitaipava.com.br\/index.php\/wp-json\/wp\/v2\/comments?post=51514"}],"version-history":[{"count":1,"href":"https:\/\/jornaldeitaipava.com.br\/index.php\/wp-json\/wp\/v2\/posts\/51514\/revisions"}],"predecessor-version":[{"id":51515,"href":"https:\/\/jornaldeitaipava.com.br\/index.php\/wp-json\/wp\/v2\/posts\/51514\/revisions\/51515"}],"wp:featuredmedia":[{"embeddable":true,"href":"https:\/\/jornaldeitaipava.com.br\/index.php\/wp-json\/wp\/v2\/media\/33608"}],"wp:attachment":[{"href":"https:\/\/jornaldeitaipava.com.br\/index.php\/wp-json\/wp\/v2\/media?parent=51514"}],"wp:term":[{"taxonomy":"category","embeddable":true,"href":"https:\/\/jornaldeitaipava.com.br\/index.php\/wp-json\/wp\/v2\/categories?post=51514"},{"taxonomy":"post_tag","embeddable":true,"href":"https:\/\/jornaldeitaipava.com.br\/index.php\/wp-json\/wp\/v2\/tags?post=51514"}],"curies":[{"name":"wp","href":"https:\/\/api.w.org\/{rel}","templated":true}]}}