{"id":51520,"date":"2026-05-01T13:07:57","date_gmt":"2026-05-01T16:07:57","guid":{"rendered":"http:\/\/jornaldeitaipava.com.br\/?p=51520"},"modified":"2026-05-01T13:07:59","modified_gmt":"2026-05-01T16:07:59","slug":"petropolis-ja-registra-86-de-ocupacao-hoteleira-e-antecipa-aquecimento-da-temporada-de-inverno","status":"publish","type":"post","link":"https:\/\/jornaldeitaipava.com.br\/index.php\/2026\/05\/01\/petropolis-ja-registra-86-de-ocupacao-hoteleira-e-antecipa-aquecimento-da-temporada-de-inverno\/","title":{"rendered":"Petr\u00f3polis j\u00e1 registra 86% de ocupa\u00e7\u00e3o hoteleira e antecipa aquecimento da temporada de inverno"},"content":{"rendered":"\n<p>A semanas do in\u00edcio oficial da temporada de inverno, o turismo em Petr\u00f3polis j\u00e1 d\u00e1 sinais consistentes de aquecimento. Para o feriado prolongado do Dia do Trabalhador \u2014 desta sexta-feira (1\u00ba) at\u00e9 domingo \u2014 a ocupa\u00e7\u00e3o hoteleira na cidade j\u00e1 alcan\u00e7a 86%, segundo levantamento do Petr\u00f3polis Convention &amp; Visitors Bureau. Esse n\u00famero ainda pode ser superado considerando as reservas de \u00faltima hora.<\/p>\n\n\n\n<p>O \u00edndice se mant\u00e9m em linha com o desempenho recente do destino. No \u00faltimo feriado prolongado \u2013 na semana passada, quando duas folgas 21 de abril (Tiradentes) e 23 de abril (S\u00e3o Jorge) formaram um per\u00edodo de mini f\u00e9rias &#8211; a taxa chegou a 87%, refor\u00e7ando uma sequ\u00eancia positiva para o setor antes mesmo da chegada da alta temporada, tradicionalmente concentrada nos meses mais frios.<\/p>\n\n\n\n<p>Para o presidente do Petr\u00f3polis Convention &amp; Visitors Bureau, Fabiano Barros, os n\u00fameros refletem um momento de consolida\u00e7\u00e3o do destino, que vem se beneficiando tanto da proximidade com a capital quanto da diversidade de experi\u00eancias oferecidas ao visitante.<\/p>\n\n\n\n<p>\u201cObservamos um movimento consistente, com ocupa\u00e7\u00f5es elevadas mesmo fora dos per\u00edodos mais tradicionais. Isso mostra que Petr\u00f3polis est\u00e1 cada vez mais presente no radar do turista, seja para viagens curtas ou escapadas de fim de semana prolongado\u201d, avalia.<\/p>\n\n\n\n<p>Segundo ele, o cen\u00e1rio tamb\u00e9m \u00e9 resultado de um trabalho cont\u00ednuo de promo\u00e7\u00e3o e estrutura\u00e7\u00e3o da cidade como destino tur\u00edstico ao longo de todo o ano, reduzindo a depend\u00eancia de sazonalidades mais marcadas.<\/p>\n\n\n\n<p>\u201cO mais interessante \u00e9 perceber que esse movimento acontece antes do inverno, que \u00e9 historicamente o nosso per\u00edodo de maior demanda. Ou seja, chegamos \u00e0 alta temporada j\u00e1 com um fluxo aquecido, o que tende a potencializar ainda mais os resultados nos pr\u00f3ximos meses\u201d, completa.<\/p>\n\n\n\n<p>Al\u00e9m da hotelaria, o impacto positivo se estende a bares, restaurantes, com\u00e9rcio e atrativos tur\u00edsticos, que tradicionalmente acompanham o aumento no fluxo de visitantes durante feriados prolongados.<\/p>\n\n\n\n<p>Com clima mais ameno, programa\u00e7\u00e3o cultural diversificada e o charme caracter\u00edstico da serra, Petr\u00f3polis segue se posicionando como uma das principais op\u00e7\u00f5es de turismo de proximidade no estado do Rio de Janeiro \u2014 especialmente em per\u00edodos de pausa mais curtos, como o feriado de 1\u00ba de maio.<\/p>\n\n\n\n<p>\u201cA expectativa do setor agora se volta para os pr\u00f3ximos meses, quando a cidade entra oficialmente na temporada de inverno, per\u00edodo em que os \u00edndices de ocupa\u00e7\u00e3o costumam atingir seus picos e consolidar o desempenho anual do turismo local\u201d, analisa Fabiano Barros.<\/p>\n","protected":false},"excerpt":{"rendered":"<p>A semanas do in\u00edcio oficial da temporada de inverno, o turismo em Petr\u00f3polis j\u00e1 d\u00e1<\/p>\n","protected":false},"author":1,"featured_media":51521,"comment_status":"closed","ping_status":"open","sticky":false,"template":"","format":"standard","meta":{"spay_email":"","footnotes":"","jetpack_publicize_message":""},"categories":[24],"tags":[],"jetpack_featured_media_url":"https:\/\/i1.wp.com\/jornaldeitaipava.com.br\/wp-content\/uploads\/2026\/05\/Turistas-em-Petropolis.jpeg?fit=764%2C498&ssl=1","jetpack_publicize_connections":[],"jetpack_sharing_enabled":true,"jetpack_likes_enabled":true,"jetpack-related-posts":[],"_links":{"self":[{"href":"https:\/\/jornaldeitaipava.com.br\/index.php\/wp-json\/wp\/v2\/posts\/51520"}],"collection":[{"href":"https:\/\/jornaldeitaipava.com.br\/index.php\/wp-json\/wp\/v2\/posts"}],"about":[{"href":"https:\/\/jornaldeitaipava.com.br\/index.php\/wp-json\/wp\/v2\/types\/post"}],"author":[{"embeddable":true,"href":"https:\/\/jornaldeitaipava.com.br\/index.php\/wp-json\/wp\/v2\/users\/1"}],"replies":[{"embeddable":true,"href":"https:\/\/jornaldeitaipava.com.br\/index.php\/wp-json\/wp\/v2\/comments?post=51520"}],"version-history":[{"count":1,"href":"https:\/\/jornaldeitaipava.com.br\/index.php\/wp-json\/wp\/v2\/posts\/51520\/revisions"}],"predecessor-version":[{"id":51522,"href":"https:\/\/jornaldeitaipava.com.br\/index.php\/wp-json\/wp\/v2\/posts\/51520\/revisions\/51522"}],"wp:featuredmedia":[{"embeddable":true,"href":"https:\/\/jornaldeitaipava.com.br\/index.php\/wp-json\/wp\/v2\/media\/51521"}],"wp:attachment":[{"href":"https:\/\/jornaldeitaipava.com.br\/index.php\/wp-json\/wp\/v2\/media?parent=51520"}],"wp:term":[{"taxonomy":"category","embeddable":true,"href":"https:\/\/jornaldeitaipava.com.br\/index.php\/wp-json\/wp\/v2\/categories?post=51520"},{"taxonomy":"post_tag","embeddable":true,"href":"https:\/\/jornaldeitaipava.com.br\/index.php\/wp-json\/wp\/v2\/tags?post=51520"}],"curies":[{"name":"wp","href":"https:\/\/api.w.org\/{rel}","templated":true}]}}