{"id":51523,"date":"2026-05-01T13:10:36","date_gmt":"2026-05-01T16:10:36","guid":{"rendered":"http:\/\/jornaldeitaipava.com.br\/?p=51523"},"modified":"2026-05-01T13:10:39","modified_gmt":"2026-05-01T16:10:39","slug":"governador-em-exercicio-nomeia-novos-titulares-para-a-secretaria-do-ambiente-e-sustentabilidade-e-o-inea","status":"publish","type":"post","link":"https:\/\/jornaldeitaipava.com.br\/index.php\/2026\/05\/01\/governador-em-exercicio-nomeia-novos-titulares-para-a-secretaria-do-ambiente-e-sustentabilidade-e-o-inea\/","title":{"rendered":"Governador em exerc\u00edcio nomeia novos titulares para a Secretaria do Ambiente e Sustentabilidade e o Inea"},"content":{"rendered":"\n<p>O governador em exerc\u00edcio, desembargador Ricardo Couto, nomeou novos dirigentes para a Secretaria do Ambiente e Sustentabilidade e o Instituto Estadual do Ambiente (Inea). Na quarta-feira (29\/04), foi nomeado como secret\u00e1rio do Ambiente Rodrigo Mascarenhas. J\u00e1 nesta quinta-feira (30\/04), foi anunciada a engenheira florestal Denise Rambaldi como nova presidente do Inea. As nomea\u00e7\u00f5es foram publicadas no Di\u00e1rio Oficial.<br><br>O novo secret\u00e1rio, Rodrigo Mascarenhas, ingressou na Procuradoria Geral do Estado do Rio de Janeiro em 2001. Ao longo da carreira, ocupou o cargo de subprocurador-geral em dois per\u00edodos (2007 a 2010 e 2015 a 2016). Desde 2023, exercia a fun\u00e7\u00e3o de procurador-chefe da Procuradoria do Patrim\u00f4nio e do Meio Ambiente da PGE-RJ.<br><br>Mestre em Direito Constitucional pela Pontif\u00edcia Universidade Cat\u00f3lica do Rio de Janeiro (PUC-RJ), doutor em Direito P\u00fablico pela Universidade de Coimbra e p\u00f3s-graduado em Pol\u00edtica e Estrat\u00e9gia pela Escola Superior de Guerra, Mascarenhas tamb\u00e9m atua como professor de Direito Ambiental Constitucional na p\u00f3s-gradua\u00e7\u00e3o da PUC. Al\u00e9m disso, \u00e9 professor convidado na Funda\u00e7\u00e3o Getulio Vargas, onde leciona sobre improbidade administrativa e lei anticorrup\u00e7\u00e3o.<br><br>Instituto Estadual do Ambiente<br><br>A nova presidente do Inea, Denise Rambaldi, possui trajet\u00f3ria consolidada no servi\u00e7o p\u00fablico, com destaque na implementa\u00e7\u00e3o de projetos e na formula\u00e7\u00e3o de pol\u00edticas de conserva\u00e7\u00e3o ambiental no Estado do Rio de Janeiro. Especialista em Ci\u00eancia Ambiental, ingressou no Inea em 2011 como vice-presidente, per\u00edodo em que contribuiu para a implementa\u00e7\u00e3o do Cadastro Ambiental Rural (CAR), instrumento voltado \u00e0 identifica\u00e7\u00e3o, quantifica\u00e7\u00e3o e qualifica\u00e7\u00e3o de \u00e1reas de prote\u00e7\u00e3o em propriedades privadas, incentivando a expans\u00e3o de unidades de conserva\u00e7\u00e3o p\u00fablicas e privadas.<br><br>Em 2014, passou a integrar o quadro efetivo do instituto por meio de concurso p\u00fablico. Posteriormente, assumiu o cargo de superintendente de Biodiversidade da Secretaria do Ambiente e Sustentabilidade. Denise \u00e9 formada em engenharia ambiental pela Universidade Federal de Vi\u00e7osa, possui gradua\u00e7\u00e3o em Direito pela Universidade do Grande Rio e mestrado em Ci\u00eancias Ambientais pela Universidade Federal Fluminense.<\/p>\n","protected":false},"excerpt":{"rendered":"<p>O governador em exerc\u00edcio, desembargador Ricardo Couto, nomeou novos dirigentes para a Secretaria do Ambiente<\/p>\n","protected":false},"author":1,"featured_media":51524,"comment_status":"closed","ping_status":"open","sticky":false,"template":"","format":"standard","meta":{"spay_email":"","footnotes":"","jetpack_publicize_message":""},"categories":[44],"tags":[],"jetpack_featured_media_url":"https:\/\/i1.wp.com\/jornaldeitaipava.com.br\/wp-content\/uploads\/2026\/05\/x.png?fit=483%2C287&ssl=1","jetpack_publicize_connections":[],"jetpack_sharing_enabled":true,"jetpack_likes_enabled":true,"jetpack-related-posts":[],"_links":{"self":[{"href":"https:\/\/jornaldeitaipava.com.br\/index.php\/wp-json\/wp\/v2\/posts\/51523"}],"collection":[{"href":"https:\/\/jornaldeitaipava.com.br\/index.php\/wp-json\/wp\/v2\/posts"}],"about":[{"href":"https:\/\/jornaldeitaipava.com.br\/index.php\/wp-json\/wp\/v2\/types\/post"}],"author":[{"embeddable":true,"href":"https:\/\/jornaldeitaipava.com.br\/index.php\/wp-json\/wp\/v2\/users\/1"}],"replies":[{"embeddable":true,"href":"https:\/\/jornaldeitaipava.com.br\/index.php\/wp-json\/wp\/v2\/comments?post=51523"}],"version-history":[{"count":1,"href":"https:\/\/jornaldeitaipava.com.br\/index.php\/wp-json\/wp\/v2\/posts\/51523\/revisions"}],"predecessor-version":[{"id":51525,"href":"https:\/\/jornaldeitaipava.com.br\/index.php\/wp-json\/wp\/v2\/posts\/51523\/revisions\/51525"}],"wp:featuredmedia":[{"embeddable":true,"href":"https:\/\/jornaldeitaipava.com.br\/index.php\/wp-json\/wp\/v2\/media\/51524"}],"wp:attachment":[{"href":"https:\/\/jornaldeitaipava.com.br\/index.php\/wp-json\/wp\/v2\/media?parent=51523"}],"wp:term":[{"taxonomy":"category","embeddable":true,"href":"https:\/\/jornaldeitaipava.com.br\/index.php\/wp-json\/wp\/v2\/categories?post=51523"},{"taxonomy":"post_tag","embeddable":true,"href":"https:\/\/jornaldeitaipava.com.br\/index.php\/wp-json\/wp\/v2\/tags?post=51523"}],"curies":[{"name":"wp","href":"https:\/\/api.w.org\/{rel}","templated":true}]}}