{"id":53987,"date":"2026-08-31T17:42:05","date_gmt":"2026-08-31T20:42:05","guid":{"rendered":"http:\/\/jornaldeitaipava.com.br\/?p=53987"},"modified":"2026-08-31T17:42:06","modified_gmt":"2026-08-31T20:42:06","slug":"conselheiros-tutelares-de-petropolis-participam-de-treinamento-sobre-o-sipia","status":"publish","type":"post","link":"https:\/\/jornaldeitaipava.com.br\/index.php\/2026\/08\/31\/conselheiros-tutelares-de-petropolis-participam-de-treinamento-sobre-o-sipia\/","title":{"rendered":"Conselheiros tutelares de Petr\u00f3polis participam de treinamento sobre o Sipia"},"content":{"rendered":"\n<p><strong>Evento aconteceu nesta segunda-feira (31\/8) e envolveu os 92 munic\u00edpios do estado do Rio de Janeiro<\/strong><\/p>\n\n\n\n<p>Os conselheiros tutelares de Petr\u00f3polis participaram nesta segunda-feira (31\/8) de um treinamento sobre o Sistema de Informa\u00e7\u00e3o para a Inf\u00e2ncia e Adolesc\u00eancia (Sipia). A capacita\u00e7\u00e3o foi promovida pelo Minist\u00e9rio P\u00fablico do Estado do Rio de Janeiro (MPRJ) e envolveu os 92 munic\u00edpios do estado. Os conselheiros de Petr\u00f3polis participaram de forma h\u00edbrida, com espa\u00e7o e a estrutura montados pela Prefeitura.<\/p>\n\n\n\n<p>O Sipia \u00e9 uma ferramenta utilizada para o registro e acompanhamento das medidas de prote\u00e7\u00e3o aplicadas pelos conselhos tutelares. \u201c\u00c9 importante garantir que os nossos conselhos tenham acesso \u00e0 informa\u00e7\u00e3o, \u00e0 capacita\u00e7\u00e3o e \u00e0s ferramentas necess\u00e1rias para desenvolver esse trabalho t\u00e3o importante. A Prefeitura est\u00e1 \u00e0 disposi\u00e7\u00e3o para contribuir com iniciativas que fortale\u00e7am essa atua\u00e7\u00e3o e garantam mais qualidade no atendimento\u201d, destacou o prefeito Hingo Hammes.<\/p>\n\n\n\n<p>A secret\u00e1ria chefe de Gabinete, Rosangela Stumpf, destacou a import\u00e2ncia de o munic\u00edpio oferecer as condi\u00e7\u00f5es necess\u00e1rias para a realiza\u00e7\u00e3o da capacita\u00e7\u00e3o. \u201cGarantir um espa\u00e7o adequado para uma forma\u00e7\u00e3o como essa \u00e9 uma forma de apoiar o trabalho dos conselhos tutelares e contribuir para o fortalecimento da rede de prote\u00e7\u00e3o. Essa integra\u00e7\u00e3o entre os munic\u00edpios e as institui\u00e7\u00f5es \u00e9 fundamental para aprimorarmos cada vez mais o atendimento \u00e0s nossas crian\u00e7as e adolescentes\u201d, afirmou.<\/p>\n\n\n\n<p>A forma\u00e7\u00e3o continuada dos profissionais que atuam na prote\u00e7\u00e3o dos direitos da inf\u00e2ncia e adolesc\u00eancia \u00e9 fundamental para fortalecer o trabalho dos conselhos tutelares. \u201cIsso porque, amplia o preparo das equipes para utilizar as ferramentas dispon\u00edveis e acompanhar os casos de forma adequada. A capacita\u00e7\u00e3o tamb\u00e9m contribui para aprimorar o uso do Sipia e estimular a troca de conhecimentos entre os munic\u00edpios, fortalecendo as pol\u00edticas de prote\u00e7\u00e3o \u00e0 inf\u00e2ncia e adolesc\u00eancia\u201d, explicou a presidente do Conselho Municipal dos Direitos da Crian\u00e7a e do Adolescente (CMDCA), Fernanda Ferreira.<\/p>\n","protected":false},"excerpt":{"rendered":"<p>Evento aconteceu nesta segunda-feira (31\/8) e envolveu os 92 munic\u00edpios do estado do Rio de<\/p>\n","protected":false},"author":1,"featured_media":53988,"comment_status":"closed","ping_status":"open","sticky":false,"template":"","format":"standard","meta":{"footnotes":""},"categories":[2],"tags":[],"_links":{"self":[{"href":"https:\/\/jornaldeitaipava.com.br\/index.php\/wp-json\/wp\/v2\/posts\/53987"}],"collection":[{"href":"https:\/\/jornaldeitaipava.com.br\/index.php\/wp-json\/wp\/v2\/posts"}],"about":[{"href":"https:\/\/jornaldeitaipava.com.br\/index.php\/wp-json\/wp\/v2\/types\/post"}],"author":[{"embeddable":true,"href":"https:\/\/jornaldeitaipava.com.br\/index.php\/wp-json\/wp\/v2\/users\/1"}],"replies":[{"embeddable":true,"href":"https:\/\/jornaldeitaipava.com.br\/index.php\/wp-json\/wp\/v2\/comments?post=53987"}],"version-history":[{"count":1,"href":"https:\/\/jornaldeitaipava.com.br\/index.php\/wp-json\/wp\/v2\/posts\/53987\/revisions"}],"predecessor-version":[{"id":53989,"href":"https:\/\/jornaldeitaipava.com.br\/index.php\/wp-json\/wp\/v2\/posts\/53987\/revisions\/53989"}],"wp:featuredmedia":[{"embeddable":true,"href":"https:\/\/jornaldeitaipava.com.br\/index.php\/wp-json\/wp\/v2\/media\/53988"}],"wp:attachment":[{"href":"https:\/\/jornaldeitaipava.com.br\/index.php\/wp-json\/wp\/v2\/media?parent=53987"}],"wp:term":[{"taxonomy":"category","embeddable":true,"href":"https:\/\/jornaldeitaipava.com.br\/index.php\/wp-json\/wp\/v2\/categories?post=53987"},{"taxonomy":"post_tag","embeddable":true,"href":"https:\/\/jornaldeitaipava.com.br\/index.php\/wp-json\/wp\/v2\/tags?post=53987"}],"curies":[{"name":"wp","href":"https:\/\/api.w.org\/{rel}","templated":true}]}}