{"id":53990,"date":"2026-08-31T17:43:05","date_gmt":"2026-08-31T20:43:05","guid":{"rendered":"http:\/\/jornaldeitaipava.com.br\/?p=53990"},"modified":"2026-08-31T17:43:06","modified_gmt":"2026-08-31T20:43:06","slug":"agosto-lilas-blitz-educativa-salva-vidas-encerra-programacao-do-mes-de-prevencao-a-violencia-contra-a-mulher","status":"publish","type":"post","link":"https:\/\/jornaldeitaipava.com.br\/index.php\/2026\/08\/31\/agosto-lilas-blitz-educativa-salva-vidas-encerra-programacao-do-mes-de-prevencao-a-violencia-contra-a-mulher\/","title":{"rendered":"Agosto Lil\u00e1s: Blitz Educativa \u201cSalva-vidas\u201d encerra programa\u00e7\u00e3o do m\u00eas de preven\u00e7\u00e3o \u00e0 viol\u00eancia contra a mulher"},"content":{"rendered":"\n<p><strong>A a\u00e7\u00e3o aconteceu nesta segunda-feira (31\/8) na Pra\u00e7a Dom Pedro<\/strong><\/p>\n\n\n\n<p>A programa\u00e7\u00e3o do Agosto Lil\u00e1s &#8211; m\u00eas de preven\u00e7\u00e3o \u00e0 viol\u00eancia contra a mulher, chegou ao fim nesta segunda-feira (31\/8), com a realiza\u00e7\u00e3o da Blitz Educativa \u201cSalva-Vidas\u201d, na Pra\u00e7a Dom Pedro, no Centro. A a\u00e7\u00e3o reuniu secretarias municipais em uma mobiliza\u00e7\u00e3o voltada \u00e0 conscientiza\u00e7\u00e3o, \u00e0 preven\u00e7\u00e3o e ao enfrentamento da viol\u00eancia contra a mulher.<\/p>\n\n\n\n<p>\u201cEncerrar o Agosto Lil\u00e1s com uma a\u00e7\u00e3o que re\u00fane diferentes \u00e1reas da Prefeitura mostra que a preven\u00e7\u00e3o precisa estar presente em todos os espa\u00e7os e fazer parte do dia a dia da cidade. Ao longo do m\u00eas, promovemos diferentes atividades e ampliamos o di\u00e1logo com a popula\u00e7\u00e3o sobre o enfrentamento \u00e0 viol\u00eancia contra a mulher\u201d, disse o prefeito Hingo Hammes.<\/p>\n\n\n\n<p>Durante a Blitz, as equipes da Secretaria dos Direitos e Pol\u00edticas das Mulheres realizaram a\u00e7\u00f5es de orienta\u00e7\u00e3o. Tamb\u00e9m participaram da a\u00e7\u00e3o as secretarias de Meio Ambiente (Projeto M\u00e3os da Terra), Sa\u00fade, Defesa Civil, Comdep e a Companhia Petropolitana de Tr\u00e2nsito e Transporte (CPTrans).<\/p>\n\n\n\n<p>\u201cEssa integra\u00e7\u00e3o \u00e9 muito importante porque permite que diferentes pol\u00edticas p\u00fablicas estejam juntas em uma mesma a\u00e7\u00e3o. O Agosto Lil\u00e1s termina, mas as iniciativas de orienta\u00e7\u00e3o e preven\u00e7\u00e3o continuam e fazem parte do trabalho desenvolvido pela Secretaria durante todo o ano\u201d, destacou a secret\u00e1ria de Direitos e Pol\u00edticas para as Mulheres, Ros\u00e2ngela Stumpf.<\/p>\n\n\n\n<p><strong>M\u00eas da preven\u00e7\u00e3o<\/strong><\/p>\n\n\n\n<p>Durante o Agosto Lil\u00e1s, a Prefeitura promoveu uma programa\u00e7\u00e3o com diferentes atividades de conscientiza\u00e7\u00e3o e enfrentamento \u00e0 viol\u00eancia contra a mulher. Ao longo do m\u00eas, foram realizadas palestras com especialistas, como os desembargadores Wagner Cinelli e Andre\u00e1 Pach\u00e1, a ju\u00edza do Tribunal de Justi\u00e7a do Rio de Janeiro, Luciana Fiala e m\u00e9dica perita legista Mary Laura Garnica; al\u00e9m de a\u00e7\u00f5es de empregabilidade, atividades f\u00edsicas, defesa pessoal, debates, cine-debate e iniciativas de mobiliza\u00e7\u00e3o em diferentes pontos da cidade.<\/p>\n\n\n\n<p>A programa\u00e7\u00e3o tamb\u00e9m marcou os 20 anos da Lei Maria da Penha, celebrados neste ano, e incluiu a assinatura do decreto que regulamenta a Campanha \u201cN\u00e3o \u00e9 N\u00e3o\u201d em Petr\u00f3polis.<\/p>\n\n\n\n<p><strong>Receba palestras gratuitas do Cram<\/strong><\/p>\n\n\n\n<p>Empresas e institui\u00e7\u00f5es que quiserem receber palestras do Centro de Refer\u00eancia em Atendimento \u00e0 Mulher (Cram) podem fazer o cadastro gratuito no site da Prefeitura (Petr\u00f3polis.rj.gov.br).<\/p>\n","protected":false},"excerpt":{"rendered":"<p>A a\u00e7\u00e3o aconteceu nesta segunda-feira (31\/8) na Pra\u00e7a Dom Pedro A programa\u00e7\u00e3o do Agosto Lil\u00e1s<\/p>\n","protected":false},"author":1,"featured_media":53991,"comment_status":"closed","ping_status":"open","sticky":false,"template":"","format":"standard","meta":{"footnotes":""},"categories":[24],"tags":[],"_links":{"self":[{"href":"https:\/\/jornaldeitaipava.com.br\/index.php\/wp-json\/wp\/v2\/posts\/53990"}],"collection":[{"href":"https:\/\/jornaldeitaipava.com.br\/index.php\/wp-json\/wp\/v2\/posts"}],"about":[{"href":"https:\/\/jornaldeitaipava.com.br\/index.php\/wp-json\/wp\/v2\/types\/post"}],"author":[{"embeddable":true,"href":"https:\/\/jornaldeitaipava.com.br\/index.php\/wp-json\/wp\/v2\/users\/1"}],"replies":[{"embeddable":true,"href":"https:\/\/jornaldeitaipava.com.br\/index.php\/wp-json\/wp\/v2\/comments?post=53990"}],"version-history":[{"count":1,"href":"https:\/\/jornaldeitaipava.com.br\/index.php\/wp-json\/wp\/v2\/posts\/53990\/revisions"}],"predecessor-version":[{"id":53992,"href":"https:\/\/jornaldeitaipava.com.br\/index.php\/wp-json\/wp\/v2\/posts\/53990\/revisions\/53992"}],"wp:featuredmedia":[{"embeddable":true,"href":"https:\/\/jornaldeitaipava.com.br\/index.php\/wp-json\/wp\/v2\/media\/53991"}],"wp:attachment":[{"href":"https:\/\/jornaldeitaipava.com.br\/index.php\/wp-json\/wp\/v2\/media?parent=53990"}],"wp:term":[{"taxonomy":"category","embeddable":true,"href":"https:\/\/jornaldeitaipava.com.br\/index.php\/wp-json\/wp\/v2\/categories?post=53990"},{"taxonomy":"post_tag","embeddable":true,"href":"https:\/\/jornaldeitaipava.com.br\/index.php\/wp-json\/wp\/v2\/tags?post=53990"}],"curies":[{"name":"wp","href":"https:\/\/api.w.org\/{rel}","templated":true}]}}