{"id":54001,"date":"2026-08-31T17:51:27","date_gmt":"2026-08-31T20:51:27","guid":{"rendered":"http:\/\/jornaldeitaipava.com.br\/?p=54001"},"modified":"2026-08-31T17:51:28","modified_gmt":"2026-08-31T20:51:28","slug":"cores-urbanas-promove-oficinas-de-ilustracao-e-pintura-em-petropolis","status":"publish","type":"post","link":"https:\/\/jornaldeitaipava.com.br\/index.php\/2026\/08\/31\/cores-urbanas-promove-oficinas-de-ilustracao-e-pintura-em-petropolis\/","title":{"rendered":"Cores Urbanas promove oficinas de ilustra\u00e7\u00e3o e pintura em Petr\u00f3polis"},"content":{"rendered":"\n<p><strong>Projeto leva arte urbana a escolas e projetos sociais, com atividades nos dias 2 e 3 de setembro<\/strong><\/p>\n\n\n\n<p>Petr\u00f3polis recebe, entre os meses de agosto e setembro, o projeto Cores Urbanas, iniciativa que promove oficinas de ilustra\u00e7\u00e3o e pintura para crian\u00e7as e jovens, aproximando os participantes das linguagens da arte urbana e de diferentes possibilidades de cria\u00e7\u00e3o.<\/p>\n\n\n\n<p>Conduzidas pelos artistas Rodrigo CB e Andre Foks, as oficinas prop\u00f5em uma experi\u00eancia pr\u00e1tica de experimenta\u00e7\u00e3o art\u00edstica, apresentando cinco t\u00e9cnicas e cinco mat\u00e9rias-primas por encontro. A proposta \u00e9 estimular a criatividade, a express\u00e3o individual e o contato dos participantes com diferentes formas de produzir arte.<\/p>\n\n\n\n<p>As primeiras atividades j\u00e1 t\u00eam data marcada. Na quarta-feira, 2 de setembro, \u00e0s 17h, ser\u00e1 realizada uma oficina especialmente para os integrantes do Coral dos Anjos, no Centro de Cultura Raul de Leoni. J\u00e1 na quinta-feira, 3 de setembro, a atividade acontecer\u00e1 na sede do Projeto C3, contemplando os participantes da iniciativa.<\/p>\n\n\n\n<p>Al\u00e9m dos projetos sociais Coral dos Anjos e Projeto C3, o Cores Urbanas contempla tamb\u00e9m as escolas municipais E.M. Arnaldo Dyckerhoff e E.M. Beatriz Zakeski, ampliando o alcance das a\u00e7\u00f5es e levando a experi\u00eancia art\u00edstica para diferentes espa\u00e7os de forma\u00e7\u00e3o e conviv\u00eancia.<\/p>\n\n\n\n<p>Como livro de apoio \u00e0s oficinas ser\u00e1 utilizado \u201cPintando e PoeAmando Petr\u00f3polis\u201d, de Catarina Maul e Rodrigo Santana CB, publica\u00e7\u00e3o que re\u00fane ilustra\u00e7\u00f5es inspiradas em diferentes refer\u00eancias da cidade. A obra contribui para estabelecer uma rela\u00e7\u00e3o entre o fazer art\u00edstico, o territ\u00f3rio e a identidade cultural de Petr\u00f3polis.<\/p>\n\n\n\n<p>Mais do que ensinar t\u00e9cnicas de desenho e pintura, o Cores Urbanas pretende despertar nos participantes novas formas de olhar para a arte e para a cidade, valorizando a criatividade, a experimenta\u00e7\u00e3o e a express\u00e3o por meio das linguagens visuais.<\/p>\n\n\n\n<p>O projeto \u00e9 produzido pela Tiu Foks e pela Bem Cultural, com realiza\u00e7\u00e3o do Fundo Municipal de Cultura de Petr\u00f3polis e da Prefeitura de Petr\u00f3polis.<\/p>\n\n\n\n<p>Servi\u00e7o<\/p>\n\n\n\n<p>Cores Urbanas \u2013 Oficinas de Ilustra\u00e7\u00e3o e Pintura<\/p>\n\n\n\n<p>\ud83d\udccd 2 de setembro, quarta-feira, \u00e0s 17h<br>Centro de Cultura Raul de Leoni \u2013 atividade com o Coral dos Anjos<\/p>\n\n\n\n<p>\ud83d\udccd 3 de setembro, quinta-feira<br>Sede do Projeto C3 \u2013 atividade com os participantes do projeto<\/p>\n\n\n\n<p>As demais datas e locais das oficinas ser\u00e3o divulgados posteriormente.<\/p>\n","protected":false},"excerpt":{"rendered":"<p>Projeto leva arte urbana a escolas e projetos sociais, com atividades nos dias 2 e<\/p>\n","protected":false},"author":1,"featured_media":54002,"comment_status":"closed","ping_status":"open","sticky":false,"template":"","format":"standard","meta":{"footnotes":""},"categories":[1],"tags":[],"_links":{"self":[{"href":"https:\/\/jornaldeitaipava.com.br\/index.php\/wp-json\/wp\/v2\/posts\/54001"}],"collection":[{"href":"https:\/\/jornaldeitaipava.com.br\/index.php\/wp-json\/wp\/v2\/posts"}],"about":[{"href":"https:\/\/jornaldeitaipava.com.br\/index.php\/wp-json\/wp\/v2\/types\/post"}],"author":[{"embeddable":true,"href":"https:\/\/jornaldeitaipava.com.br\/index.php\/wp-json\/wp\/v2\/users\/1"}],"replies":[{"embeddable":true,"href":"https:\/\/jornaldeitaipava.com.br\/index.php\/wp-json\/wp\/v2\/comments?post=54001"}],"version-history":[{"count":1,"href":"https:\/\/jornaldeitaipava.com.br\/index.php\/wp-json\/wp\/v2\/posts\/54001\/revisions"}],"predecessor-version":[{"id":54003,"href":"https:\/\/jornaldeitaipava.com.br\/index.php\/wp-json\/wp\/v2\/posts\/54001\/revisions\/54003"}],"wp:featuredmedia":[{"embeddable":true,"href":"https:\/\/jornaldeitaipava.com.br\/index.php\/wp-json\/wp\/v2\/media\/54002"}],"wp:attachment":[{"href":"https:\/\/jornaldeitaipava.com.br\/index.php\/wp-json\/wp\/v2\/media?parent=54001"}],"wp:term":[{"taxonomy":"category","embeddable":true,"href":"https:\/\/jornaldeitaipava.com.br\/index.php\/wp-json\/wp\/v2\/categories?post=54001"},{"taxonomy":"post_tag","embeddable":true,"href":"https:\/\/jornaldeitaipava.com.br\/index.php\/wp-json\/wp\/v2\/tags?post=54001"}],"curies":[{"name":"wp","href":"https:\/\/api.w.org\/{rel}","templated":true}]}}