{"id":54004,"date":"2026-08-31T17:52:34","date_gmt":"2026-08-31T20:52:34","guid":{"rendered":"http:\/\/jornaldeitaipava.com.br\/?p=54004"},"modified":"2026-08-31T17:52:37","modified_gmt":"2026-08-31T20:52:37","slug":"cinemaxx-recebe-minha-melhor-amiga-com-monica-martelli-e-ingrid-guimaraes","status":"publish","type":"post","link":"https:\/\/jornaldeitaipava.com.br\/index.php\/2026\/08\/31\/cinemaxx-recebe-minha-melhor-amiga-com-monica-martelli-e-ingrid-guimaraes\/","title":{"rendered":"Cinemaxx recebe \u201cMinha Melhor Amiga\u201d, com M\u00f4nica Martelli e Ingrid Guimar\u00e3es"},"content":{"rendered":"\n<p><strong>Com\u00e9dia dirigida por Susana Garcia acompanha duas amigas que embarcam para a Europa e descobrem que a vida depois dos 50 pode render novas aventuras<\/strong><\/p>\n\n\n\n<p>O Cinemaxx Bauhaus Exclusive, em Petr\u00f3polis, recebe a partir de 3 de setembro a com\u00e9dia brasileira \u201cMinha Melhor Amiga\u201d, protagonizada por duas das atrizes mais conhecidas e reconhecidas do pa\u00eds: M\u00f4nica Martelli e Ingrid Guimar\u00e3es. Dirigido por Susana Garcia, o longa re\u00fane amizade, maternidade, amadurecimento e muito humor em uma hist\u00f3ria inspirada, inclusive, em experi\u00eancias vividas pelas pr\u00f3prias atrizes.<\/p>\n\n\n\n<p>Na trama, J\u00falia, interpretada por M\u00f4nica Martelli, e Clara, vivida por Ingrid Guimar\u00e3es, s\u00e3o melhores amigas que est\u00e3o na faixa dos 50 anos e enfrentam uma nova fase da vida. Quando as filhas adolescentes, Manu e Isadora, viajam para Portugal para participar de um interc\u00e2mbio, as duas precisam lidar com a saudade e com a sensa\u00e7\u00e3o de vazio provocada pela dist\u00e2ncia das meninas.<\/p>\n\n\n\n<p>Em vez de simplesmente permanecerem em casa, as amigas decidem transformar a situa\u00e7\u00e3o em uma oportunidade para sair da rotina. Elas fazem as malas e embarcam para a Europa para surpreender as filhas. O plano, por\u00e9m, est\u00e1 longe de sair como imaginado. Entre situa\u00e7\u00f5es inesperadas, confus\u00f5es e diferentes perrengues, a viagem acaba se transformando em uma experi\u00eancia de redescoberta.<\/p>\n\n\n\n<p>A produ\u00e7\u00e3o ganha for\u00e7a justamente pela parceria entre suas protagonistas. M\u00f4nica Martelli e Ingrid Guimar\u00e3es s\u00e3o amigas de longa data e j\u00e1 haviam compartilhado com o p\u00fablico situa\u00e7\u00f5es vividas durante viagens com suas filhas adolescentes. Essa experi\u00eancia serviu de inspira\u00e7\u00e3o para o filme, que leva para a fic\u00e7\u00e3o elementos da rela\u00e7\u00e3o entre as duas e transforma epis\u00f3dios cotidianos em situa\u00e7\u00f5es de humor.<\/p>\n\n\n\n<p>A dire\u00e7\u00e3o \u00e9 de Susana Garcia, cineasta respons\u00e1vel por sucessos do cinema brasileiro como \u201cMinha M\u00e3e \u00e9 Uma Pe\u00e7a 3\u201d, \u201cMinha Vida em Marte\u201d e \u201cMinha Irm\u00e3 e Eu\u201d. Juntos, esses tr\u00eas trabalhos ultrapassaram a marca de 20 milh\u00f5es de ingressos vendidos, consolidando a diretora como um dos principais nomes do cinema brasileiro contempor\u00e2neo.<\/p>\n\n\n\n<p>Al\u00e9m de M\u00f4nica Martelli e Ingrid Guimar\u00e3es, o elenco conta com Giulia Benite, Gabi Amaral, Gustavo Machado, Ricardo Pereira, Albano Jer\u00f3nimo, Alejandro Albarrac\u00edn e Thaila Ayala. M\u00f4nica interpreta J\u00falia, enquanto Ingrid vive Clara; Giulia Benite interpreta Manu e Gabi Amaral d\u00e1 vida a Isadora.<\/p>\n\n\n\n<p>O roteiro \u00e9 assinado por Patricia Leme, Susana Garcia, M\u00f4nica Martelli, Ingrid Guimar\u00e3es e Tati Bernardi. Filmado no Rio de Janeiro, em Lisboa e em Sevilha, o longa utiliza os cen\u00e1rios europeus como parte importante da narrativa, acompanhando a transforma\u00e7\u00e3o das duas amigas ao longo da viagem.<\/p>\n\n\n\n<p>Com classifica\u00e7\u00e3o indicativa de 12 anos e dura\u00e7\u00e3o de aproximadamente duas horas e cinco minutos, \u201cMinha Melhor Amiga\u201d aposta no humor para falar sobre uma fase da vida em que mudan\u00e7as, filhos crescendo, relacionamentos e novas escolhas passam a ocupar espa\u00e7o cada vez maior.<\/p>\n\n\n\n<p>Para o p\u00fablico de Petr\u00f3polis, o filme chega ao Cinemaxx Bauhaus Exclusive, que trabalha com sistema de lugares marcados, permitindo que o espectador escolha a poltrona no momento da compra. A pr\u00e9-venda tamb\u00e9m possibilita garantir antecipadamente a sess\u00e3o e o lugar desejado.<\/p>\n\n\n\n<p>A programa\u00e7\u00e3o, os hor\u00e1rios e a compra de ingressos podem ser consultados pelos canais oficiais da Rede Cinemaxx. O release anterior do Cinemaxx informa tamb\u00e9m o aplicativo da rede, o Instagram @redecinemaxx e o WhatsApp (21) 97141-6832 como canais de informa\u00e7\u00e3o.<\/p>\n","protected":false},"excerpt":{"rendered":"<p>Com\u00e9dia dirigida por Susana Garcia acompanha duas amigas que embarcam para a Europa e descobrem<\/p>\n","protected":false},"author":1,"featured_media":54005,"comment_status":"closed","ping_status":"open","sticky":false,"template":"","format":"standard","meta":{"footnotes":""},"categories":[1],"tags":[],"_links":{"self":[{"href":"https:\/\/jornaldeitaipava.com.br\/index.php\/wp-json\/wp\/v2\/posts\/54004"}],"collection":[{"href":"https:\/\/jornaldeitaipava.com.br\/index.php\/wp-json\/wp\/v2\/posts"}],"about":[{"href":"https:\/\/jornaldeitaipava.com.br\/index.php\/wp-json\/wp\/v2\/types\/post"}],"author":[{"embeddable":true,"href":"https:\/\/jornaldeitaipava.com.br\/index.php\/wp-json\/wp\/v2\/users\/1"}],"replies":[{"embeddable":true,"href":"https:\/\/jornaldeitaipava.com.br\/index.php\/wp-json\/wp\/v2\/comments?post=54004"}],"version-history":[{"count":1,"href":"https:\/\/jornaldeitaipava.com.br\/index.php\/wp-json\/wp\/v2\/posts\/54004\/revisions"}],"predecessor-version":[{"id":54006,"href":"https:\/\/jornaldeitaipava.com.br\/index.php\/wp-json\/wp\/v2\/posts\/54004\/revisions\/54006"}],"wp:featuredmedia":[{"embeddable":true,"href":"https:\/\/jornaldeitaipava.com.br\/index.php\/wp-json\/wp\/v2\/media\/54005"}],"wp:attachment":[{"href":"https:\/\/jornaldeitaipava.com.br\/index.php\/wp-json\/wp\/v2\/media?parent=54004"}],"wp:term":[{"taxonomy":"category","embeddable":true,"href":"https:\/\/jornaldeitaipava.com.br\/index.php\/wp-json\/wp\/v2\/categories?post=54004"},{"taxonomy":"post_tag","embeddable":true,"href":"https:\/\/jornaldeitaipava.com.br\/index.php\/wp-json\/wp\/v2\/tags?post=54004"}],"curies":[{"name":"wp","href":"https:\/\/api.w.org\/{rel}","templated":true}]}}