{"id":54007,"date":"2026-08-31T17:54:36","date_gmt":"2026-08-31T20:54:36","guid":{"rendered":"http:\/\/jornaldeitaipava.com.br\/?p=54007"},"modified":"2026-08-31T17:54:38","modified_gmt":"2026-08-31T20:54:38","slug":"inauguracao-de-comite-em-itaipava-marca-arrancada-de-hugo-leal-rumo-ao-sexto-mandato-e-apoio-a-joao-drumond","status":"publish","type":"post","link":"https:\/\/jornaldeitaipava.com.br\/index.php\/2026\/08\/31\/inauguracao-de-comite-em-itaipava-marca-arrancada-de-hugo-leal-rumo-ao-sexto-mandato-e-apoio-a-joao-drumond\/","title":{"rendered":"INAUGURA\u00c7\u00c3O DE COMIT\u00ca EM ITAIPAVA MARCA ARRANCADA DE HUGO LEAL RUMO AO SEXTO MANDATO E APOIO \u00c0 JO\u00c3O DRUMOND"},"content":{"rendered":"\n<p>Na noite desta quinta-feira (28\/08), Itaipava foi palco de um importante ato pol\u00edtico que refor\u00e7a a uni\u00e3o de for\u00e7as por Petr\u00f3polis. O vereador J\u00fanior Coruja liderou a inaugura\u00e7\u00e3o do comit\u00ea de campanha do deputado federal Hugo Leal, que concorre ao seu sexto mandato, ao lado do candidato a deputado estadual Jo\u00e3o Drumond.<\/p>\n\n\n\n<p>O evento reuniu mais de 300 pessoas e evidenciou o fortalecimento de um grupo que combina experi\u00eancia e renova\u00e7\u00e3o. Reconhecido como o deputado federal que mais destinou emendas para Petr\u00f3polis, Hugo Leal chega \u00e0 disputa com um hist\u00f3rico consolidado de entregas e investimentos no munic\u00edpio, fator destacado por lideran\u00e7as e apoiadores durante o encontro.<\/p>\n\n\n\n<p>J\u00e1 Jo\u00e3o Drumond representa a nova gera\u00e7\u00e3o na pol\u00edtica. Jovem, determinado e participando de sua primeira elei\u00e7\u00e3o, ele traz na bagagem a experi\u00eancia de projetos bem-sucedidos, como o Instituto Imperatriz, refor\u00e7ando o compromisso com iniciativas sociais e o desenvolvimento de comunidades<\/p>\n\n\n\n<p>Durante a cerim\u00f4nia, tamb\u00e9m foram citados o candidato ao Senado, Pedro Paulo, e o candidato ao Governo do Estado, Eduardo Paes, como integrantes da alian\u00e7a que se apresenta como uma frente forte em prol de Petr\u00f3polis e do Estado do Rio de Janeiro.<\/p>\n\n\n\n<p>A inaugura\u00e7\u00e3o do comit\u00ea marca o in\u00edcio de uma mobiliza\u00e7\u00e3o que aposta na uni\u00e3o entre experi\u00eancia e renova\u00e7\u00e3o para ampliar conquistas e garantir novos avan\u00e7os para a cidade.<\/p>\n","protected":false},"excerpt":{"rendered":"<p>Na noite desta quinta-feira (28\/08), Itaipava foi palco de um importante ato pol\u00edtico que refor\u00e7a<\/p>\n","protected":false},"author":1,"featured_media":54008,"comment_status":"closed","ping_status":"open","sticky":false,"template":"","format":"standard","meta":{"footnotes":""},"categories":[5],"tags":[],"_links":{"self":[{"href":"https:\/\/jornaldeitaipava.com.br\/index.php\/wp-json\/wp\/v2\/posts\/54007"}],"collection":[{"href":"https:\/\/jornaldeitaipava.com.br\/index.php\/wp-json\/wp\/v2\/posts"}],"about":[{"href":"https:\/\/jornaldeitaipava.com.br\/index.php\/wp-json\/wp\/v2\/types\/post"}],"author":[{"embeddable":true,"href":"https:\/\/jornaldeitaipava.com.br\/index.php\/wp-json\/wp\/v2\/users\/1"}],"replies":[{"embeddable":true,"href":"https:\/\/jornaldeitaipava.com.br\/index.php\/wp-json\/wp\/v2\/comments?post=54007"}],"version-history":[{"count":1,"href":"https:\/\/jornaldeitaipava.com.br\/index.php\/wp-json\/wp\/v2\/posts\/54007\/revisions"}],"predecessor-version":[{"id":54009,"href":"https:\/\/jornaldeitaipava.com.br\/index.php\/wp-json\/wp\/v2\/posts\/54007\/revisions\/54009"}],"wp:featuredmedia":[{"embeddable":true,"href":"https:\/\/jornaldeitaipava.com.br\/index.php\/wp-json\/wp\/v2\/media\/54008"}],"wp:attachment":[{"href":"https:\/\/jornaldeitaipava.com.br\/index.php\/wp-json\/wp\/v2\/media?parent=54007"}],"wp:term":[{"taxonomy":"category","embeddable":true,"href":"https:\/\/jornaldeitaipava.com.br\/index.php\/wp-json\/wp\/v2\/categories?post=54007"},{"taxonomy":"post_tag","embeddable":true,"href":"https:\/\/jornaldeitaipava.com.br\/index.php\/wp-json\/wp\/v2\/tags?post=54007"}],"curies":[{"name":"wp","href":"https:\/\/api.w.org\/{rel}","templated":true}]}}