{"id":54011,"date":"2026-08-31T17:58:00","date_gmt":"2026-08-31T20:58:00","guid":{"rendered":"http:\/\/jornaldeitaipava.com.br\/?p=54011"},"modified":"2026-08-31T17:58:04","modified_gmt":"2026-08-31T20:58:04","slug":"feriado-da-independencia-do-brasil-vialagos-preve-fluxo-de-mais-de-168-mil-veiculos-na-rj-124","status":"publish","type":"post","link":"https:\/\/jornaldeitaipava.com.br\/index.php\/2026\/08\/31\/feriado-da-independencia-do-brasil-vialagos-preve-fluxo-de-mais-de-168-mil-veiculos-na-rj-124\/","title":{"rendered":"Feriado da Independ\u00eancia do Brasil: ViaLagos prev\u00ea fluxo de mais de 168 mil ve\u00edculos na RJ-124"},"content":{"rendered":"\n<p>A ViaLagos, uma empresa Motiva, estima que 168 mil ve\u00edculos circulem pela RJ-124 durante o feriado da Independ\u00eancia do Brasil, entre os dias 04 e 08 de setembro. A rodovia, principal liga\u00e7\u00e3o entre a capital e a Regi\u00e3o dos Lagos, deve registrar aumento no volume de tr\u00e1fego, especialmente nos dias de sa\u00edda para o feriado e retorno \u00e0 cidade do Rio de Janeiro.<\/p>\n\n\n\n<p>A expectativa \u00e9 de maior concentra\u00e7\u00e3o de ve\u00edculos na sexta-feira (04\/09) e na segunda-feira (07\/09), dias tradicionalmente marcados pelo aumento do fluxo de motoristas nos deslocamentos de ida e volta.<\/p>\n\n\n\n<p>Nos per\u00edodos de maior movimento, a previs\u00e3o \u00e9 de pico entre 15h e 17h na sexta-feira (04\/09). J\u00e1 na segunda-feira (07\/09), o fluxo mais intenso \u00e9 esperado a partir das 9h, com novo per\u00edodo de maior concentra\u00e7\u00e3o por volta de 12h.<\/p>\n","protected":false},"excerpt":{"rendered":"<p>A ViaLagos, uma empresa Motiva, estima que 168 mil ve\u00edculos circulem pela RJ-124 durante o<\/p>\n","protected":false},"author":1,"featured_media":566,"comment_status":"closed","ping_status":"open","sticky":false,"template":"","format":"standard","meta":{"footnotes":""},"categories":[44],"tags":[],"_links":{"self":[{"href":"https:\/\/jornaldeitaipava.com.br\/index.php\/wp-json\/wp\/v2\/posts\/54011"}],"collection":[{"href":"https:\/\/jornaldeitaipava.com.br\/index.php\/wp-json\/wp\/v2\/posts"}],"about":[{"href":"https:\/\/jornaldeitaipava.com.br\/index.php\/wp-json\/wp\/v2\/types\/post"}],"author":[{"embeddable":true,"href":"https:\/\/jornaldeitaipava.com.br\/index.php\/wp-json\/wp\/v2\/users\/1"}],"replies":[{"embeddable":true,"href":"https:\/\/jornaldeitaipava.com.br\/index.php\/wp-json\/wp\/v2\/comments?post=54011"}],"version-history":[{"count":1,"href":"https:\/\/jornaldeitaipava.com.br\/index.php\/wp-json\/wp\/v2\/posts\/54011\/revisions"}],"predecessor-version":[{"id":54012,"href":"https:\/\/jornaldeitaipava.com.br\/index.php\/wp-json\/wp\/v2\/posts\/54011\/revisions\/54012"}],"wp:featuredmedia":[{"embeddable":true,"href":"https:\/\/jornaldeitaipava.com.br\/index.php\/wp-json\/wp\/v2\/media\/566"}],"wp:attachment":[{"href":"https:\/\/jornaldeitaipava.com.br\/index.php\/wp-json\/wp\/v2\/media?parent=54011"}],"wp:term":[{"taxonomy":"category","embeddable":true,"href":"https:\/\/jornaldeitaipava.com.br\/index.php\/wp-json\/wp\/v2\/categories?post=54011"},{"taxonomy":"post_tag","embeddable":true,"href":"https:\/\/jornaldeitaipava.com.br\/index.php\/wp-json\/wp\/v2\/tags?post=54011"}],"curies":[{"name":"wp","href":"https:\/\/api.w.org\/{rel}","templated":true}]}}