{"id":54013,"date":"2026-08-31T18:00:36","date_gmt":"2026-08-31T21:00:36","guid":{"rendered":"http:\/\/jornaldeitaipava.com.br\/?p=54013"},"modified":"2026-08-31T18:00:38","modified_gmt":"2026-08-31T21:00:38","slug":"estado-do-rio-deflagra-maior-mobilizacao-da-historia-contra-o-desmatamento-dentro-da-operacao-mata-atlantica-em-pe-2026","status":"publish","type":"post","link":"https:\/\/jornaldeitaipava.com.br\/index.php\/2026\/08\/31\/estado-do-rio-deflagra-maior-mobilizacao-da-historia-contra-o-desmatamento-dentro-da-operacao-mata-atlantica-em-pe-2026\/","title":{"rendered":"Estado do Rio deflagra maior mobiliza\u00e7\u00e3o da hist\u00f3ria contra o desmatamento dentro da Opera\u00e7\u00e3o Mata Atl\u00e2ntica em P\u00e9 2026"},"content":{"rendered":"\n<p><strong>A\u00e7\u00e3o conjunta entre Minist\u00e9rio P\u00fablico, SEAS, INEA e munic\u00edpios fiscalizou 168 alertas em 64 munic\u00edpios e resultou em 219 medidas administrativas e mais de 800 mil reais em multas<\/strong><\/p>\n\n\n\n<p>Foram 168 alertas de desmatamentos de Mata Atl\u00e2ntica atendidos; 314 hectares vistoriados; 64 cidades fluminenses mobilizadas; 225 medidas administrativas adotadas; e mais de R$ 800 mil&nbsp; em multas por supress\u00e3o ilegal&nbsp; de vegeta\u00e7\u00e3o. Este foi o saldo da participa\u00e7\u00e3o do Estado do Rio de Janeiro, por meio da Secretaria de Estado do Ambiente e Sustentabilidade e do Instituto Estadual do Ambiente (Inea), na Opera\u00e7\u00e3o Mata Atl\u00e2ntica em P\u00e9, a maior mobiliza\u00e7\u00e3o da hist\u00f3ria do Estado do Rio de Janeiro contra *o desmatamento do bioma, que contou com a participa\u00e7\u00e3o do Minist\u00e9rio P\u00fablico e munic\u00edpios.<\/p>\n\n\n\n<p>Realizada ao longo do m\u00eas de agosto, a edi\u00e7\u00e3o integrou uma iniciativa&nbsp; nacional, que&nbsp;&nbsp; reuniu os 17 estados abrangidos pelo bioma da Mata Atl\u00e2ntica, em uma atua\u00e7\u00e3o coordenada para fortalecer a fiscaliza\u00e7\u00e3o e a prote\u00e7\u00e3o da floresta.<\/p>\n\n\n\n<p>No Rio de Janeiro, a Opera\u00e7\u00e3o Mata Atl\u00e2ntica em P\u00e9 combinou diferentes estrat\u00e9gias de fiscaliza\u00e7\u00e3o: dos 168 alertas atendidos, 33 foram analisados exclusivamente de forma remota, enquanto 62 foram atendidos somente em campo. Outros 73 alertas tiveram atua\u00e7\u00e3o combinada, com fiscaliza\u00e7\u00e3o remota e vistoria em campo. A estrat\u00e9gia permitiu ampliar a capacidade de resposta das equipes e direcionar as a\u00e7\u00f5es presenciais para as \u00e1reas que demandavam verifica\u00e7\u00e3o em campo.<\/p>\n\n\n\n<p>Em 2025, a opera\u00e7\u00e3o no Estado do Rio de Janeiro contemplou 36 alertas de desmatamento, distribu\u00eddos em 14 munic\u00edpios fluminenses, totalizando uma \u00e1rea de 101,43 hectares.<\/p>\n\n\n\n<p><strong>Olho no Verde: monitoramento e tecnologia a servi\u00e7o da fiscaliza\u00e7\u00e3o<\/strong><\/p>\n\n\n\n<p>A Opera\u00e7\u00e3o Mata Atl\u00e2ntica em P\u00e9 \u00e9 resultado dos alertas de desmatamento detectados pela plataforma MapBiomas, cujos alertas s\u00e3o encaminhados pelo Minist\u00e9rio P\u00fablico \u00e0 Coordenadoria de Gest\u00e3o do Territ\u00f3rio, da Secretaria de Estado do Ambiente e Sustentabilidade. Nesse sentido, os alertas encaminhados pelo Minist\u00e9rio P\u00fablico foram analisados pela Ger\u00eancia de Gest\u00e3o do Territ\u00f3rio (GERGET), do Instituto Estadual do Ambiente (Inea), e, neste ano, foram encaminhados 81 pol\u00edgonos de desmatamento para fiscaliza\u00e7\u00e3o.<\/p>\n\n\n\n<p>Contudo, no \u00e2mbito do Estado do Rio, o planejamento operacional incorporou uma fonte complementar de dados estrat\u00e9gicos a partir do Programa Olho no Verde. Essa iniciativa, que est\u00e1 completando uma d\u00e9cada neste ano, utiliza metodologias e ferramentas pr\u00f3prias de monitoramento, via sat\u00e9lite, para ampliar a capacidade de identifica\u00e7\u00e3o e fiscaliza\u00e7\u00e3o de \u00e1reas com ind\u00edcios de supress\u00e3o de vegeta\u00e7\u00e3o em todo o territ\u00f3rio fluminense.<\/p>\n\n\n\n<p>Em 2025, a opera\u00e7\u00e3o no Estado do Rio de Janeiro contemplou 36 alertas de desmatamento, distribu\u00eddos em 14 munic\u00edpios fluminenses, totalizando uma \u00e1rea de 101,43 hectares. Dos alertas atendidos, a edi\u00e7\u00e3o de 2026 apresentou um aumento de, aproximadamente,&nbsp; 366,7% em rela\u00e7\u00e3o a 2025, passando de 36 alertas atendidos no ano passado&nbsp; para 168 alertas atendidos em 2026.<\/p>\n\n\n\n<p>Em rela\u00e7\u00e3o \u00e0 abrang\u00eancia territorial, o n\u00famero de munic\u00edpios com alertas efetivamente atendidos aumentou cerca de 357,1%, passando de 14 munic\u00edpios em 2025 para 64 munic\u00edpios em 2026.<\/p>\n\n\n\n<p>Quanto \u00e0 \u00e1rea, considerando os hectares efetivamente abrangidos pelas a\u00e7\u00f5es de fiscaliza\u00e7\u00e3o, houve um aumento de aproximadamente 209,6%, passando de 101,43 hectares em 2025 para 314,01 hectares em 2026.<\/p>\n\n\n\n<p>A estrat\u00e9gia permitiu que a opera\u00e7\u00e3o fosse al\u00e9m dos alertas inicialmente encaminhados pelo Minist\u00e9rio P\u00fablico, utilizando a capacidade de monitoramento do Olho no Verde para identificar novos alvos e direcionar a fiscaliza\u00e7\u00e3o para diferentes regi\u00f5es do territ\u00f3rio fluminense. A integra\u00e7\u00e3o entre monitoramento por sensoriamento remoto, an\u00e1lise t\u00e9cnica e fiscaliza\u00e7\u00e3o em campo refor\u00e7ou a atua\u00e7\u00e3o conjunta entre Estado e munic\u00edpios e ampliou a capacidade de resposta no combate \u00e0 supress\u00e3o ilegal de vegeta\u00e7\u00e3o.<\/p>\n\n\n\n<p><strong>Prepara\u00e7\u00e3o, capacita\u00e7\u00e3o e conclus\u00e3o da opera\u00e7\u00e3o<\/strong><\/p>\n\n\n\n<p>A dimens\u00e3o da opera\u00e7\u00e3o tamb\u00e9m pode ser observada pelo esfor\u00e7o empregado na prepara\u00e7\u00e3o, execu\u00e7\u00e3o e consolida\u00e7\u00e3o das a\u00e7\u00f5es. Foram contabilizadas mais de 60 horas de atividades operacionais, incluindo nove horas de an\u00e1lise dos alertas encaminhados pelo Minist\u00e9rio P\u00fablico;&nbsp; 11 horas de triagem dos alertas adicionais; oito horas de reuni\u00f5es com os entes municipais; tr\u00eas horas de atividades em sala de opera\u00e7\u00e3o; cinco horas de capacita\u00e7\u00e3o para utiliza\u00e7\u00e3o do formul\u00e1rio Survey123 e procedimentos de fiscaliza\u00e7\u00e3o e 23 horas destinadas \u00e0 an\u00e1lise e a consolida\u00e7\u00e3o das informa\u00e7\u00f5es e elabora\u00e7\u00e3o do relat\u00f3rio final.&#8211;<\/p>\n","protected":false},"excerpt":{"rendered":"<p>A\u00e7\u00e3o conjunta entre Minist\u00e9rio P\u00fablico, SEAS, INEA e munic\u00edpios fiscalizou 168 alertas em 64 munic\u00edpios<\/p>\n","protected":false},"author":1,"featured_media":54014,"comment_status":"closed","ping_status":"open","sticky":false,"template":"","format":"standard","meta":{"footnotes":""},"categories":[44],"tags":[],"_links":{"self":[{"href":"https:\/\/jornaldeitaipava.com.br\/index.php\/wp-json\/wp\/v2\/posts\/54013"}],"collection":[{"href":"https:\/\/jornaldeitaipava.com.br\/index.php\/wp-json\/wp\/v2\/posts"}],"about":[{"href":"https:\/\/jornaldeitaipava.com.br\/index.php\/wp-json\/wp\/v2\/types\/post"}],"author":[{"embeddable":true,"href":"https:\/\/jornaldeitaipava.com.br\/index.php\/wp-json\/wp\/v2\/users\/1"}],"replies":[{"embeddable":true,"href":"https:\/\/jornaldeitaipava.com.br\/index.php\/wp-json\/wp\/v2\/comments?post=54013"}],"version-history":[{"count":1,"href":"https:\/\/jornaldeitaipava.com.br\/index.php\/wp-json\/wp\/v2\/posts\/54013\/revisions"}],"predecessor-version":[{"id":54015,"href":"https:\/\/jornaldeitaipava.com.br\/index.php\/wp-json\/wp\/v2\/posts\/54013\/revisions\/54015"}],"wp:featuredmedia":[{"embeddable":true,"href":"https:\/\/jornaldeitaipava.com.br\/index.php\/wp-json\/wp\/v2\/media\/54014"}],"wp:attachment":[{"href":"https:\/\/jornaldeitaipava.com.br\/index.php\/wp-json\/wp\/v2\/media?parent=54013"}],"wp:term":[{"taxonomy":"category","embeddable":true,"href":"https:\/\/jornaldeitaipava.com.br\/index.php\/wp-json\/wp\/v2\/categories?post=54013"},{"taxonomy":"post_tag","embeddable":true,"href":"https:\/\/jornaldeitaipava.com.br\/index.php\/wp-json\/wp\/v2\/tags?post=54013"}],"curies":[{"name":"wp","href":"https:\/\/api.w.org\/{rel}","templated":true}]}}