{"id":54016,"date":"2026-08-31T18:03:10","date_gmt":"2026-08-31T21:03:10","guid":{"rendered":"http:\/\/jornaldeitaipava.com.br\/?p=54016"},"modified":"2026-08-31T18:03:11","modified_gmt":"2026-08-31T21:03:11","slug":"governo-do-estado-publica-edital-de-concurso-da-secretaria-de-planejamento-e-gestao-com-60-vagas","status":"publish","type":"post","link":"https:\/\/jornaldeitaipava.com.br\/index.php\/2026\/08\/31\/governo-do-estado-publica-edital-de-concurso-da-secretaria-de-planejamento-e-gestao-com-60-vagas\/","title":{"rendered":"Governo do Estado publica edital de concurso da Secretaria de Planejamento e Gest\u00e3o com 60 vagas"},"content":{"rendered":"\n<p><em><strong>Inscri\u00e7\u00f5es\u00a0come\u00e7am em 10 de setembro. Candidatos com forma\u00e7\u00e3o Superior em qualquer \u00e1rea podem concorrer<\/strong><\/em><\/p>\n\n\n\n<p>O Governo do Estado publicou, nesta segunda-feira (31\/08), o edital do concurso p\u00fablico da Secretaria de Planejamento e Gest\u00e3o. Ao todo, ser\u00e3o 60 vagas para as carreiras de Especialista em Pol\u00edticas P\u00fablicas e Gest\u00e3o Governamental e de Analista de Planejamento e Or\u00e7amento, destinadas a candidatos com forma\u00e7\u00e3o Superior em qualquer \u00e1rea. As inscri\u00e7\u00f5es come\u00e7am no dia 10 de setembro, a partir das 16h, e se encerram em 8 de outubro. As provas ser\u00e3o realizadas no dia 29 de novembro.<\/p>\n\n\n\n<p>As remunera\u00e7\u00f5es t\u00eam vencimento-base de R$ 7.572,50, com gratifica\u00e7\u00e3o de desempenho podendo alcan\u00e7ar at\u00e9 50% do vencimento-base, no valor de R$ 3.786,25, al\u00e9m do adicional por qualifica\u00e7\u00e3o. Os interessados podem se inscrever pelo site da Funda\u00e7\u00e3o Get\u00falio Vargas por meio do link&nbsp;<a href=\"https:\/\/conhecimento.fgv.br\/concursos\/seplagrj\" target=\"_blank\" rel=\"noreferrer noopener\">https:\/\/conhecimento.fgv.br\/concursos\/seplagrj<\/a>.<\/p>\n\n\n\n<p>Das vagas, 5% ser\u00e3o reservadas \u00e0s pessoas portadoras de defici\u00eancia, 20% a candidatos negros ou ind\u00edgenas e 10% a candidatos que se autodeclararem hipossuficientes. O prazo de validade do concurso \u00e9 de dois anos, contados da data da homologa\u00e7\u00e3o do resultado final, podendo ser prorrogado uma \u00fanica vez por igual per\u00edodo.<\/p>\n\n\n\n<p>Ser\u00e3o aplicadas provas objetivas de conhecimentos espec\u00edficos e gerais, al\u00e9m de prova discursiva. O \u00faltimo concurso para as carreiras da secretaria foi realizado em 2012.<\/p>\n\n\n\n<p><strong>Atua\u00e7\u00e3o das carreiras de planejamento e gest\u00e3o<\/strong><\/p>\n\n\n\n<p>Os cargos integram as carreiras de Especialista em Pol\u00edticas P\u00fablicas e Gest\u00e3o Governamental e de Planejamento e Or\u00e7amento e desempenham fun\u00e7\u00f5es estrat\u00e9gicas na elabora\u00e7\u00e3o, organiza\u00e7\u00e3o, execu\u00e7\u00e3o e acompanhamento das a\u00e7\u00f5es do governo em diversas \u00e1reas.<\/p>\n\n\n\n<p>Entre as principais atribui\u00e7\u00f5es est\u00e3o a estrutura\u00e7\u00e3o do planejamento estadual de curto, m\u00e9dio e longo prazos e a elabora\u00e7\u00e3o de instrumentos como o Plano Plurianual (PPA), a Lei de Diretrizes Or\u00e7ament\u00e1rias (LDO) e a Lei Or\u00e7ament\u00e1ria Anual (LOA).<\/p>\n","protected":false},"excerpt":{"rendered":"<p>Inscri\u00e7\u00f5es\u00a0come\u00e7am em 10 de setembro. Candidatos com forma\u00e7\u00e3o Superior em qualquer \u00e1rea podem concorrer O<\/p>\n","protected":false},"author":1,"featured_media":4796,"comment_status":"closed","ping_status":"open","sticky":false,"template":"","format":"standard","meta":{"footnotes":""},"categories":[24],"tags":[],"_links":{"self":[{"href":"https:\/\/jornaldeitaipava.com.br\/index.php\/wp-json\/wp\/v2\/posts\/54016"}],"collection":[{"href":"https:\/\/jornaldeitaipava.com.br\/index.php\/wp-json\/wp\/v2\/posts"}],"about":[{"href":"https:\/\/jornaldeitaipava.com.br\/index.php\/wp-json\/wp\/v2\/types\/post"}],"author":[{"embeddable":true,"href":"https:\/\/jornaldeitaipava.com.br\/index.php\/wp-json\/wp\/v2\/users\/1"}],"replies":[{"embeddable":true,"href":"https:\/\/jornaldeitaipava.com.br\/index.php\/wp-json\/wp\/v2\/comments?post=54016"}],"version-history":[{"count":1,"href":"https:\/\/jornaldeitaipava.com.br\/index.php\/wp-json\/wp\/v2\/posts\/54016\/revisions"}],"predecessor-version":[{"id":54017,"href":"https:\/\/jornaldeitaipava.com.br\/index.php\/wp-json\/wp\/v2\/posts\/54016\/revisions\/54017"}],"wp:featuredmedia":[{"embeddable":true,"href":"https:\/\/jornaldeitaipava.com.br\/index.php\/wp-json\/wp\/v2\/media\/4796"}],"wp:attachment":[{"href":"https:\/\/jornaldeitaipava.com.br\/index.php\/wp-json\/wp\/v2\/media?parent=54016"}],"wp:term":[{"taxonomy":"category","embeddable":true,"href":"https:\/\/jornaldeitaipava.com.br\/index.php\/wp-json\/wp\/v2\/categories?post=54016"},{"taxonomy":"post_tag","embeddable":true,"href":"https:\/\/jornaldeitaipava.com.br\/index.php\/wp-json\/wp\/v2\/tags?post=54016"}],"curies":[{"name":"wp","href":"https:\/\/api.w.org\/{rel}","templated":true}]}}