{"id":54018,"date":"2026-08-31T18:06:06","date_gmt":"2026-08-31T21:06:06","guid":{"rendered":"http:\/\/jornaldeitaipava.com.br\/?p=54018"},"modified":"2026-08-31T18:06:07","modified_gmt":"2026-08-31T21:06:07","slug":"oktoberfest-petropolis-comeca-nesta-sexta-com-programacao-musical-em-dois-fins-de-semana","status":"publish","type":"post","link":"https:\/\/jornaldeitaipava.com.br\/index.php\/2026\/08\/31\/oktoberfest-petropolis-comeca-nesta-sexta-com-programacao-musical-em-dois-fins-de-semana\/","title":{"rendered":"Oktoberfest Petr\u00f3polis come\u00e7a nesta sexta com programa\u00e7\u00e3o musical em dois fins de semana"},"content":{"rendered":"\n<p><strong>Evento ter\u00e1 16 atra\u00e7\u00f5es musicais, apresenta\u00e7\u00f5es do grupo germ\u00e2nico Spiel Und Charm e programa\u00e7\u00e3o especial durante o feriado de 7 de setembro<\/strong><\/p>\n\n\n\n<p>A m\u00fasica ser\u00e1 um dos principais elementos da Oktoberfest Petr\u00f3polis 2026, que come\u00e7a nesta sexta-feira, 4 de setembro, no Parque Municipal Prefeito Paulo Rattes, em Itaipava. Com entrada franca, a festa ter\u00e1 programa\u00e7\u00e3o em dois fins de semana, de 4 a 7 e de 11 a 13 de setembro, reunindo shows, apresenta\u00e7\u00f5es culturais, cerveja artesanal e gastronomia.<\/p>\n\n\n\n<p>A abertura do evento acontece na sexta-feira, a partir das 16h, com a banda Chilli subindo ao palco \u00e0s 20h30. No s\u00e1bado, a programa\u00e7\u00e3o musical come\u00e7a \u00e0s 13h com o grupo germ\u00e2nico Spiel Und Charm, que far\u00e1 diferentes apresenta\u00e7\u00f5es ao longo do dia entre os shows de Marcos Paullo e Maquininha, Tati Cirelli e Rocket.<\/p>\n\n\n\n<p>No domingo, a programa\u00e7\u00e3o musical come\u00e7a novamente com a presen\u00e7a do Spiel Und Charm, seguida pelas apresenta\u00e7\u00f5es de Jonatan Francisco, Lia Sabugosa e Los Ocupados e Jelly Bean. J\u00e1 na segunda-feira, feriado de 7 de setembro, o p\u00fablico poder\u00e1 aproveitar o evento durante todo o dia. Kika Notini e Thalita Villa, SouS e Stimmer est\u00e3o entre as atra\u00e7\u00f5es musicais do encerramento do primeiro fim de semana.<\/p>\n\n\n\n<p>O segundo fim de semana tamb\u00e9m ter\u00e1 programa\u00e7\u00e3o musical diversificada. Na sexta-feira, 11 de setembro, o Baile do Zen se apresenta \u00e0s 20h30. No s\u00e1bado, Melissa Maluly, Esfinge e River Raid dividem a programa\u00e7\u00e3o com novas apresenta\u00e7\u00f5es do Spiel Und Charm. No domingo, \u00faltimo dia da festa, Pedro Ribeiro, Capital El\u00e9trico e Arcade encerram a programa\u00e7\u00e3o, tamb\u00e9m com participa\u00e7\u00f5es do grupo germ\u00e2nico ao longo do dia.<\/p>\n\n\n\n<p>Al\u00e9m dos shows, o Spiel Und Charm ter\u00e1 papel importante na ambienta\u00e7\u00e3o da festa. O grupo realiza performances entre o p\u00fablico, circulando pelos espa\u00e7os do evento e levando refer\u00eancias da cultura germ\u00e2nica para diferentes momentos da programa\u00e7\u00e3o. A proposta \u00e9 aproximar as tradi\u00e7\u00f5es que inspiram a Oktoberfest de quem estiver no parque.<\/p>\n\n\n\n<p>\u201cA programa\u00e7\u00e3o musical foi pensada para criar diferentes momentos ao longo dos dois fins de semana, com artistas de estilos variados e a presen\u00e7a do Spiel Und Charm trazendo a cultura germ\u00e2nica para dentro da festa. Temos tamb\u00e9m um feriado logo no in\u00edcio, ent\u00e3o o p\u00fablico ter\u00e1 quatro dias para aproveitar a Oktoberfest, com atra\u00e7\u00f5es desde o in\u00edcio da tarde at\u00e9 a noite\u201d, afirma Renato Duarte, um dos organizadores da festa.<\/p>\n\n\n\n<p>A experi\u00eancia cervejeira tamb\u00e9m ganha espa\u00e7o com a presen\u00e7a da&nbsp;<strong>carreta da Cervejaria Imp\u00e9rio<\/strong>, que retorna \u00e0 Oktoberfest Petr\u00f3polis como um dos pontos de encontro do p\u00fablico. A festa ainda ter\u00e1 os tradicionais&nbsp;<strong>jogos cervejeiros<\/strong>, que convidam os visitantes a participar das atividades e interagir com a programa\u00e7\u00e3o, incluindo o desafio do&nbsp;<strong>chope a metro<\/strong>, uma das brincadeiras que ajudam a criar o clima descontra\u00eddo caracter\u00edstico da Oktoberfest.<\/p>\n\n\n\n<p>A programa\u00e7\u00e3o acontece das 16h \u00e0 meia-noite na sexta-feira. Aos s\u00e1bados, domingos e no feriado de segunda-feira, o evento funciona das 11h \u00e0 meia-noite.<\/p>\n\n\n\n<p><strong>Programa\u00e7\u00e3o musical<\/strong><\/p>\n\n\n\n<p><strong>4 de setembro, sexta-feira<\/strong><br>20h30, Banda Chilli<\/p>\n\n\n\n<p><strong>5 de setembro, s\u00e1bado<\/strong><br>13h, Spiel Und Charm<br>14h30, Spiel Und Charm<br>15h, Marcos Paullo e Maquininha<br>16h40, Spiel Und Charm<br>18h30, Tati Cirelli<br>21h30, Rocket<\/p>\n\n\n\n<p><strong>6 de setembro, domingo<\/strong><br>13h, Spiel Und Charm<br>14h30, Spiel Und Charm<br>15h, Jonatan Francisco<br>16h40, Spiel Und Charm<br>18h30, Lia Sabugosa e Los Ocupados<br>21h30, Jelly Bean<\/p>\n\n\n\n<p><strong>7 de setembro, segunda-feira, feriado<\/strong><br>12h, Spiel Und Charm<br>13h30, Spiel Und Charm<br>14h, Kika Notini e Thalita Villa<br>15h40, Spiel Und Charm<br>17h, Sous<br>20h30, Stimmer<\/p>\n\n\n\n<p><strong>11 de setembro, sexta-feira<\/strong><br>20h30, Baile do Zen<\/p>\n\n\n\n<p><strong>12 de setembro, s\u00e1bado<\/strong><br>13h, Spiel Und Charm<br>14h30, Spiel Und Charm<br>15h, Melissa Maluly<br>16h30, Spiel Und Charm<br>18h30, Esfinge<br>21h30, River Raid<\/p>\n\n\n\n<p><strong>13 de setembro, domingo<\/strong><br>11h50, Spiel Und Charm<br>12h40, Spiel Und Charm<br>14h, Pedro Ribeiro<br>15h30, Spiel Und Charm<br>17h, Capital El\u00e9trico<br>20h30, Arcade<\/p>\n\n\n\n<p><strong>Servi\u00e7o<\/strong><\/p>\n\n\n\n<p><strong>Oktoberfest Petr\u00f3polis 2026<\/strong><br><strong>Quando:<\/strong>&nbsp;4 a 7 e 11 a 13 de setembro<br><strong>Local:<\/strong>&nbsp;Parque Municipal Prefeito Paulo Rattes, Itaipava<br><strong>Entrada:<\/strong>&nbsp;franca<br><strong>Hor\u00e1rios:<\/strong>&nbsp;sexta, das 16h \u00e0 meia-noite; s\u00e1bado, domingo e segunda-feira, das 11h \u00e0 meia noite.<\/p>\n","protected":false},"excerpt":{"rendered":"<p>Evento ter\u00e1 16 atra\u00e7\u00f5es musicais, apresenta\u00e7\u00f5es do grupo germ\u00e2nico Spiel Und Charm e programa\u00e7\u00e3o especial<\/p>\n","protected":false},"author":1,"featured_media":54019,"comment_status":"closed","ping_status":"open","sticky":false,"template":"","format":"standard","meta":{"footnotes":""},"categories":[42],"tags":[],"_links":{"self":[{"href":"https:\/\/jornaldeitaipava.com.br\/index.php\/wp-json\/wp\/v2\/posts\/54018"}],"collection":[{"href":"https:\/\/jornaldeitaipava.com.br\/index.php\/wp-json\/wp\/v2\/posts"}],"about":[{"href":"https:\/\/jornaldeitaipava.com.br\/index.php\/wp-json\/wp\/v2\/types\/post"}],"author":[{"embeddable":true,"href":"https:\/\/jornaldeitaipava.com.br\/index.php\/wp-json\/wp\/v2\/users\/1"}],"replies":[{"embeddable":true,"href":"https:\/\/jornaldeitaipava.com.br\/index.php\/wp-json\/wp\/v2\/comments?post=54018"}],"version-history":[{"count":1,"href":"https:\/\/jornaldeitaipava.com.br\/index.php\/wp-json\/wp\/v2\/posts\/54018\/revisions"}],"predecessor-version":[{"id":54020,"href":"https:\/\/jornaldeitaipava.com.br\/index.php\/wp-json\/wp\/v2\/posts\/54018\/revisions\/54020"}],"wp:featuredmedia":[{"embeddable":true,"href":"https:\/\/jornaldeitaipava.com.br\/index.php\/wp-json\/wp\/v2\/media\/54019"}],"wp:attachment":[{"href":"https:\/\/jornaldeitaipava.com.br\/index.php\/wp-json\/wp\/v2\/media?parent=54018"}],"wp:term":[{"taxonomy":"category","embeddable":true,"href":"https:\/\/jornaldeitaipava.com.br\/index.php\/wp-json\/wp\/v2\/categories?post=54018"},{"taxonomy":"post_tag","embeddable":true,"href":"https:\/\/jornaldeitaipava.com.br\/index.php\/wp-json\/wp\/v2\/tags?post=54018"}],"curies":[{"name":"wp","href":"https:\/\/api.w.org\/{rel}","templated":true}]}}