{"id":54021,"date":"2026-08-31T18:12:01","date_gmt":"2026-08-31T21:12:01","guid":{"rendered":"http:\/\/jornaldeitaipava.com.br\/?p=54021"},"modified":"2026-08-31T18:12:03","modified_gmt":"2026-08-31T21:12:03","slug":"nos-81-anos-da-feira-de-sao-cristovao-heloisa-helena-defende-valorizacao-das-tradicoes-nordestinas","status":"publish","type":"post","link":"https:\/\/jornaldeitaipava.com.br\/index.php\/2026\/08\/31\/nos-81-anos-da-feira-de-sao-cristovao-heloisa-helena-defende-valorizacao-das-tradicoes-nordestinas\/","title":{"rendered":"Nos 81 anos da Feira de S\u00e3o Crist\u00f3v\u00e3o, Heloisa Helena defende valoriza\u00e7\u00e3o das tradi\u00e7\u00f5es nordestinas"},"content":{"rendered":"\n<p><strong>Candidata a deputada federal pelo Rio de Janeiro participa de festa no Centro Luiz Gonzaga<\/strong><\/p>\n\n\n\n<p>O templo da cultura nordestina comemora 81 anos. E a alagoana Heloisa Helena, candidata a deputada federal pelo Rio de Janeiro pela Rede Sustentabilidade, participa da festa na Feira de S\u00e3o Crist\u00f3v\u00e3o, marcada para a pr\u00f3xima sexta-feira, dia 4 de setembro. O Centro Luiz Gonzaga de Tradi\u00e7\u00f5es Nordestinas est\u00e1 programando uma s\u00e9rie de atividades e shows para comemorar, em grande estilo, o seu anivers\u00e1rio.<br>\u201cPara mim, que sou nordestina e sertaneja, \u00e9 uma honra participar desta festa de valoriza\u00e7\u00e3o da nossa cultura. A Feira de S\u00e3o Crist\u00f3v\u00e3o \u00e9 um patrim\u00f4nio cultural, econ\u00f4mico e afetivo de todos os nordestinos que moram ou visitam o Rio de Janeiro\u2019\u2019, lembra Heloisa Helena.<br>Entre costuras e manifesta\u00e7\u00f5es culturais<br>Duas semanas ap\u00f3s o in\u00edcio da campanha eleitoral, Heloisa Helena passou o \u00faltimo domingo entre costuras e manifesta\u00e7\u00f5es culturais. Depois de panfletagem em feira de Caxias, foi conhecer de perto, ao lado de Luciana Boiteux, candidata a deputada estadual pelo PSOL, o Lab Arremate \u2014 projeto liderado por Lidi de Oliveira que oferece oficinas de costura, modelagem e arte na comunidade Parque Paulista.<br>\u201cO projeto me remeteu \u00e0s minhas emo\u00e7\u00f5es de crian\u00e7a, ao lado de minha m\u00e3e. Porque, mesmo doente, estava sempre com ela, na ro\u00e7a ou ao lado da m\u00e1quina de costura. Disse a Luciana que estarmos juntas nesse projeto \u00e9 muito emocionante. Sei que muitas l\u00e1grimas foram derramadas, mas tamb\u00e9m vi muita coragem de seguir em frente em cada um dos tecidos tocados. A Lidi est\u00e1 de parab\u00e9ns porque, com muita coragem, compet\u00eancia e sensibilidade, continua costurando esse projeto lindo criado por sua m\u00e3e\u201d, disse Heloisa Helena, que, at\u00e9 hoje, faz algumas de suas blusas e customiza a barra de suas cal\u00e7as, gra\u00e7as \u00e0s li\u00e7\u00f5es aprendidas com a sua m\u00e3e Helena.<br>Fundado em 2017, o Lab Arremate oferece oficinas gratuitas de forma\u00e7\u00e3o e capacita\u00e7\u00e3o de moda e arte, como uma alternativa de economia criativa para a autonomia financeira de moradoras n\u00e3o apenas da comunidade de Duque de Caxias.<br>Depois do encontro com costureiras do Lab Arremate, Heloisa Helena participou de reuni\u00e3o com integrantes da Liga Suburbana de Bate-Bolas, em Bento Ribeiro. Ao lado de Eliomar Coelho, candidato a deputado estadual pela Rede Sustentabilidade, ela defendeu apoio e incentivo \u00e0s manifesta\u00e7\u00f5es culturais do sub\u00farbio.<br>\u201cA cultura \u00e9 b\u00e1lsamo nas feridas que a vida nos imp\u00f5em. Precisamos debater a resist\u00eancia da arte popular e o financiamento da cultura nas \u00e1reas de vulnerabilidade social\u201d, defendeu a candidata a deputada federal pela Rede Sustentabilidade.<\/p>\n","protected":false},"excerpt":{"rendered":"<p>Candidata a deputada federal pelo Rio de Janeiro participa de festa no Centro Luiz Gonzaga<\/p>\n","protected":false},"author":1,"featured_media":54022,"comment_status":"closed","ping_status":"open","sticky":false,"template":"","format":"standard","meta":{"footnotes":""},"categories":[5],"tags":[],"_links":{"self":[{"href":"https:\/\/jornaldeitaipava.com.br\/index.php\/wp-json\/wp\/v2\/posts\/54021"}],"collection":[{"href":"https:\/\/jornaldeitaipava.com.br\/index.php\/wp-json\/wp\/v2\/posts"}],"about":[{"href":"https:\/\/jornaldeitaipava.com.br\/index.php\/wp-json\/wp\/v2\/types\/post"}],"author":[{"embeddable":true,"href":"https:\/\/jornaldeitaipava.com.br\/index.php\/wp-json\/wp\/v2\/users\/1"}],"replies":[{"embeddable":true,"href":"https:\/\/jornaldeitaipava.com.br\/index.php\/wp-json\/wp\/v2\/comments?post=54021"}],"version-history":[{"count":1,"href":"https:\/\/jornaldeitaipava.com.br\/index.php\/wp-json\/wp\/v2\/posts\/54021\/revisions"}],"predecessor-version":[{"id":54024,"href":"https:\/\/jornaldeitaipava.com.br\/index.php\/wp-json\/wp\/v2\/posts\/54021\/revisions\/54024"}],"wp:featuredmedia":[{"embeddable":true,"href":"https:\/\/jornaldeitaipava.com.br\/index.php\/wp-json\/wp\/v2\/media\/54022"}],"wp:attachment":[{"href":"https:\/\/jornaldeitaipava.com.br\/index.php\/wp-json\/wp\/v2\/media?parent=54021"}],"wp:term":[{"taxonomy":"category","embeddable":true,"href":"https:\/\/jornaldeitaipava.com.br\/index.php\/wp-json\/wp\/v2\/categories?post=54021"},{"taxonomy":"post_tag","embeddable":true,"href":"https:\/\/jornaldeitaipava.com.br\/index.php\/wp-json\/wp\/v2\/tags?post=54021"}],"curies":[{"name":"wp","href":"https:\/\/api.w.org\/{rel}","templated":true}]}}