{"id":54030,"date":"2026-09-01T09:31:44","date_gmt":"2026-09-01T12:31:44","guid":{"rendered":"http:\/\/jornaldeitaipava.com.br\/?p=54030"},"modified":"2026-09-01T09:31:45","modified_gmt":"2026-09-01T12:31:45","slug":"mprj-participa-de-conferencia-juvenil-da-onu-sobre-eventos-climaticos-em-petropolis","status":"publish","type":"post","link":"https:\/\/jornaldeitaipava.com.br\/index.php\/2026\/09\/01\/mprj-participa-de-conferencia-juvenil-da-onu-sobre-eventos-climaticos-em-petropolis\/","title":{"rendered":"MPRJ participa de confer\u00eancia juvenil da ONU sobre eventos clim\u00e1ticos, em Petr\u00f3polis"},"content":{"rendered":"\n<p>Para discutir os impactos da crise clim\u00e1tica, construir propostas e ampliar a participa\u00e7\u00e3o da juventude nos espa\u00e7os de decis\u00e3o relacionados ao meio ambiente e \u00e0 preven\u00e7\u00e3o de desastres, o Minist\u00e9rio P\u00fablico do Estado do Rio de Janeiro (MPRJ) participou, na sexta-feira (28\/08), da I Confer\u00eancia Juvenil do Clima (Pr\u00e9-LCOY), realizada em Petr\u00f3polis. O evento oficial da Organiza\u00e7\u00e3o das Na\u00e7\u00f5es Unidas (ONU), organizado pelo Instituto Todos Juntos, Ningu\u00e9m Sozinho (TJNS), re\u00fane jovens de diversos estados.<\/p>\n\n\n\n<p><br>A procuradora de Justi\u00e7a Denise Tarin, coordenadora do programa Morte Zero do MPRJ, participou do debate sobre o tema \u201cJuventudes e Justi\u00e7a Clim\u00e1tica: quem mais sofre e quem deve decidir\u201d. Tamb\u00e9m estiveram presentes 15 jovens, estudantes do Ensino M\u00e9dio de escolas de Petr\u00f3polis, de graduandos da Pontif\u00edcia Universidade Cat\u00f3lica do Rio de Janeiro, integrantes do projeto \u201cJuventude Clim\u00e1tica\/MPRJ\u201d, realizado em parceria com o Parque de Inova\u00e7\u00e3o da PUC-Rio, e de integrantes do projeto Vozes do Clima, coordenado pelo Instituto Caminho da Ro\u00e7a.<\/p>\n\n\n\n<p><br>Um dos destaques foi Pedro Rabello, de 17 anos, volunt\u00e1rio no N\u00facleo Comunit\u00e1rio de Defesa Civil &#8211; Cuiab\u00e1, em Petr\u00f3polis, que apresentou sua experi\u00eancia com o radioamadorismo, utilizado como ferramenta de comunica\u00e7\u00e3o comunit\u00e1ria em situa\u00e7\u00f5es de emerg\u00eancia.<\/p>\n\n\n\n<p><br>\u201cEsse foi o primeiro evento do Juventude Clim\u00e1tica e a participa\u00e7\u00e3o dos jovens revelou a vontade de aprender, compartilhar experi\u00eancias e de se aproximar das discuss\u00f5es sobre pol\u00edticas p\u00fablicas, com fins \u00e0 constru\u00e7\u00e3o de solu\u00e7\u00f5es para proteger a popula\u00e7\u00e3o no cen\u00e1rio da crise clim\u00e1tica.\u201d, ressaltou Denise Tarin.<br>A programa\u00e7\u00e3o incluiu debates sobre racismo ambiental, infraestrutura, resili\u00eancia, sofrimento psicossocial ap\u00f3s desastres, reconstru\u00e7\u00e3o da vida e futuro clim\u00e1tico.<\/p>\n","protected":false},"excerpt":{"rendered":"<p>Para discutir os impactos da crise clim\u00e1tica, construir propostas e ampliar a participa\u00e7\u00e3o da juventude<\/p>\n","protected":false},"author":1,"featured_media":54031,"comment_status":"closed","ping_status":"open","sticky":false,"template":"","format":"standard","meta":{"footnotes":""},"categories":[2],"tags":[],"_links":{"self":[{"href":"https:\/\/jornaldeitaipava.com.br\/index.php\/wp-json\/wp\/v2\/posts\/54030"}],"collection":[{"href":"https:\/\/jornaldeitaipava.com.br\/index.php\/wp-json\/wp\/v2\/posts"}],"about":[{"href":"https:\/\/jornaldeitaipava.com.br\/index.php\/wp-json\/wp\/v2\/types\/post"}],"author":[{"embeddable":true,"href":"https:\/\/jornaldeitaipava.com.br\/index.php\/wp-json\/wp\/v2\/users\/1"}],"replies":[{"embeddable":true,"href":"https:\/\/jornaldeitaipava.com.br\/index.php\/wp-json\/wp\/v2\/comments?post=54030"}],"version-history":[{"count":1,"href":"https:\/\/jornaldeitaipava.com.br\/index.php\/wp-json\/wp\/v2\/posts\/54030\/revisions"}],"predecessor-version":[{"id":54032,"href":"https:\/\/jornaldeitaipava.com.br\/index.php\/wp-json\/wp\/v2\/posts\/54030\/revisions\/54032"}],"wp:featuredmedia":[{"embeddable":true,"href":"https:\/\/jornaldeitaipava.com.br\/index.php\/wp-json\/wp\/v2\/media\/54031"}],"wp:attachment":[{"href":"https:\/\/jornaldeitaipava.com.br\/index.php\/wp-json\/wp\/v2\/media?parent=54030"}],"wp:term":[{"taxonomy":"category","embeddable":true,"href":"https:\/\/jornaldeitaipava.com.br\/index.php\/wp-json\/wp\/v2\/categories?post=54030"},{"taxonomy":"post_tag","embeddable":true,"href":"https:\/\/jornaldeitaipava.com.br\/index.php\/wp-json\/wp\/v2\/tags?post=54030"}],"curies":[{"name":"wp","href":"https:\/\/api.w.org\/{rel}","templated":true}]}}