{"id":54034,"date":"2026-09-01T17:34:54","date_gmt":"2026-09-01T20:34:54","guid":{"rendered":"http:\/\/jornaldeitaipava.com.br\/?p=54034"},"modified":"2026-09-01T17:34:56","modified_gmt":"2026-09-01T20:34:56","slug":"prefeitura-reforca-orientacao-sobre-descarte-correto-de-residuos-e-coleta-seletiva-na-rua-teresa","status":"publish","type":"post","link":"https:\/\/jornaldeitaipava.com.br\/index.php\/2026\/09\/01\/prefeitura-reforca-orientacao-sobre-descarte-correto-de-residuos-e-coleta-seletiva-na-rua-teresa\/","title":{"rendered":"Prefeitura refor\u00e7a orienta\u00e7\u00e3o sobre descarte correto de res\u00edduos e coleta seletiva na Rua Teresa"},"content":{"rendered":"\n<p>A Prefeitura realizou uma a\u00e7\u00e3o de conscientiza\u00e7\u00e3o na Rua Teresa para orientar moradores e comerciantes sobre o hor\u00e1rio correto para o descarte de res\u00edduos domiciliares e a import\u00e2ncia da separa\u00e7\u00e3o dos materiais recicl\u00e1veis. Equipes da Comdep distribu\u00edram panfletos com as orienta\u00e7\u00f5es, principalmente aos lojistas.<\/p>\n\n\n\n<p>Tamb\u00e9m foram colocados bancos e duas jardineiras produzidas com pneus, assim como novas lixeiras de poste em toda a extens\u00e3o da via. A a\u00e7\u00e3o busca reduzir o descarte antecipado de sacos de lixo nas cal\u00e7adas, um problema que tem sido registrado na regi\u00e3o e que pode contribuir para o espalhamento dos res\u00edduos e dificultar a circula\u00e7\u00e3o de pedestres.<\/p>\n\n\n\n<p>Os res\u00edduos domiciliares s\u00f3 devem ser colocados para fora no fim do expediente, pr\u00f3ximo ao hor\u00e1rio da coleta, que acontece diariamente na Rua Teresa, a partir das 19h. \u201cEstamos refor\u00e7ando uma orienta\u00e7\u00e3o que depende da participa\u00e7\u00e3o de todos. O comerciante precisa colocar o lixo no hor\u00e1rio da coleta e separar os materiais recicl\u00e1veis. S\u00e3o medidas simples, que ajudam a manter a Rua Teresa limpa e organizada\u201d, destacou o prefeito Hingo Hammes.<\/p>\n\n\n\n<p>A coleta seletiva tamb\u00e9m deve ser utilizada para a destina\u00e7\u00e3o de papel, papel\u00e3o, pl\u00e1stico, vidro e metal, que precisam ser separados dos res\u00edduos domiciliares. Na Rua Teresa, a coleta seletiva acontece todas as sextas-feiras. Bares e restaurantes da regi\u00e3o tamb\u00e9m podem aproveitar o servi\u00e7o para fazer o descarte correto do \u00f3leo de cozinha usado, junto aos demais materiais recicl\u00e1veis.<\/p>\n\n\n\n<p>\u201cA colabora\u00e7\u00e3o dos comerciantes \u00e9 fundamental porque eles s\u00e3o grandes geradores de res\u00edduos na Rua Teresa. Respeitar o hor\u00e1rio da coleta evita que o lixo fique exposto nas cal\u00e7adas e separar os recicl\u00e1veis permite que esses materiais tenham a destina\u00e7\u00e3o correta\u201d, afirmou a presidente da Comdep, Fernanda Ferreira.<\/p>\n\n\n\n<p>A organiza\u00e7\u00e3o da coleta depende tanto da presta\u00e7\u00e3o regular do servi\u00e7o quanto do descarte correto por parte da popula\u00e7\u00e3o. \u201cA recomenda\u00e7\u00e3o \u00e9 que os res\u00edduos domiciliares sejam colocados para coleta pr\u00f3ximo ao hor\u00e1rio previsto, ou seja, para os comerciantes, apenas no fim do expediente, no momento do fechamento das lojas. Assim, evitamos que os res\u00edduos gerados permane\u00e7am por longos per\u00edodos nas cal\u00e7adas, e que os recicl\u00e1veis sejam separados para a coleta seletiva\u201d, conclui a presidente da Comdep.<\/p>\n","protected":false},"excerpt":{"rendered":"<p>A Prefeitura realizou uma a\u00e7\u00e3o de conscientiza\u00e7\u00e3o na Rua Teresa para orientar moradores e comerciantes<\/p>\n","protected":false},"author":1,"featured_media":54035,"comment_status":"closed","ping_status":"open","sticky":false,"template":"","format":"standard","meta":{"footnotes":""},"categories":[2],"tags":[],"_links":{"self":[{"href":"https:\/\/jornaldeitaipava.com.br\/index.php\/wp-json\/wp\/v2\/posts\/54034"}],"collection":[{"href":"https:\/\/jornaldeitaipava.com.br\/index.php\/wp-json\/wp\/v2\/posts"}],"about":[{"href":"https:\/\/jornaldeitaipava.com.br\/index.php\/wp-json\/wp\/v2\/types\/post"}],"author":[{"embeddable":true,"href":"https:\/\/jornaldeitaipava.com.br\/index.php\/wp-json\/wp\/v2\/users\/1"}],"replies":[{"embeddable":true,"href":"https:\/\/jornaldeitaipava.com.br\/index.php\/wp-json\/wp\/v2\/comments?post=54034"}],"version-history":[{"count":1,"href":"https:\/\/jornaldeitaipava.com.br\/index.php\/wp-json\/wp\/v2\/posts\/54034\/revisions"}],"predecessor-version":[{"id":54036,"href":"https:\/\/jornaldeitaipava.com.br\/index.php\/wp-json\/wp\/v2\/posts\/54034\/revisions\/54036"}],"wp:featuredmedia":[{"embeddable":true,"href":"https:\/\/jornaldeitaipava.com.br\/index.php\/wp-json\/wp\/v2\/media\/54035"}],"wp:attachment":[{"href":"https:\/\/jornaldeitaipava.com.br\/index.php\/wp-json\/wp\/v2\/media?parent=54034"}],"wp:term":[{"taxonomy":"category","embeddable":true,"href":"https:\/\/jornaldeitaipava.com.br\/index.php\/wp-json\/wp\/v2\/categories?post=54034"},{"taxonomy":"post_tag","embeddable":true,"href":"https:\/\/jornaldeitaipava.com.br\/index.php\/wp-json\/wp\/v2\/tags?post=54034"}],"curies":[{"name":"wp","href":"https:\/\/api.w.org\/{rel}","templated":true}]}}