{"id":54037,"date":"2026-09-01T17:36:18","date_gmt":"2026-09-01T20:36:18","guid":{"rendered":"http:\/\/jornaldeitaipava.com.br\/?p=54037"},"modified":"2026-09-01T17:36:20","modified_gmt":"2026-09-01T20:36:20","slug":"prefeitura-anuncia-uso-do-cartao-cesta-cheia-familia-feliz-nas-feiras-livres-de-petropolis","status":"publish","type":"post","link":"https:\/\/jornaldeitaipava.com.br\/index.php\/2026\/09\/01\/prefeitura-anuncia-uso-do-cartao-cesta-cheia-familia-feliz-nas-feiras-livres-de-petropolis\/","title":{"rendered":"Prefeitura anuncia uso do cart\u00e3o Cesta Cheia, Fam\u00edlia Feliz nas feiras livres de Petr\u00f3polis"},"content":{"rendered":"\n<p><strong>Medida anunciada durante a\u00e7\u00e3o pelo Dia do Feirante, vai beneficiar cerca de quatro mil fam\u00edlias e movimentar a economia<\/strong><\/p>\n\n\n\n<p>Os benefici\u00e1rios do Cesta Cheia, Fam\u00edlia Feliz poder\u00e3o, a partir de agora, usar o cart\u00e3o do programa nas feiras livres de Petr\u00f3polis. A medida, que contempla quatro mil fam\u00edlias, foi anunciada pelo prefeito Hingo Hammes nesta ter\u00e7a-feira (1\/9), durante a\u00e7\u00e3o pelo Dia do Feirante, que aconteceu na Feira Livre do Centro.<\/p>\n\n\n\n<p>\u201cHoje \u00e9 mais um dia para celebrar e valorizar quem trabalha nas nossas feiras, e nada melhor do que marcar essa data com uma medida que vai trazer mais movimento para esses espa\u00e7os. A expans\u00e3o dos locais de compra do Cesta Cheia vai agregar valor para a feira e para quem \u00e9 benefici\u00e1rio do programa. Parab\u00e9ns e nosso agradecimento a todos os feirantes pelo trabalho de voc\u00eas\u201d, destacou o prefeito Hingo Hammes.<\/p>\n\n\n\n<p>\u201cA gente queria isso h\u00e1 muito tempo porque traz um incentivo muito grande para todos os feirantes, todos os produtores locais da nossa cidade. Anunciar isso aqui hoje \u00e9 um marco para a nossa feira, porque antes a feira n\u00e3o aceitava cart\u00e3o, mas h\u00e1 alguns anos j\u00e1 vem aceitando cart\u00e3o de cr\u00e9dito, d\u00e9bito, Pix e agora conta com o cart\u00e3o Cesta Cheia, Fam\u00edlia Feliz. A gente agradece demais esse incentivo, essa oportunidade\u201d, ressaltou o feirante G\u00eanesis Pereira.<\/p>\n\n\n\n<p>Durante a a\u00e7\u00e3o, feirantes receberam homenagens e participaram de um momento de confraterniza\u00e7\u00e3o. A iniciativa reuniu diferentes secretarias como a Meio Ambiente, que distribuiu mudas de plantas para os feirantes; de Sa\u00fade com servi\u00e7os de aferi\u00e7\u00e3o de press\u00e3o e glicose, al\u00e9m do Desenvolvimento Econ\u00f4mico e Comdep.<\/p>\n\n\n\n<p>\u201cEstamos criando mais uma possibilidade de circula\u00e7\u00e3o de recursos dentro da pr\u00f3pria cidade. O feirante ganha um novo p\u00fablico consumidor e as fam\u00edlias passam a contar com mais uma alternativa para utilizar o benef\u00edcio na compra de alimentos. \u00c9 uma iniciativa que fortalece a feira, valoriza quem trabalha nela e ajuda a movimentar a economia local\u201d, afirmou o secret\u00e1rio de Desenvolvimento Econ\u00f4mico, Samir El Ghaoui.<\/p>\n","protected":false},"excerpt":{"rendered":"<p>Medida anunciada durante a\u00e7\u00e3o pelo Dia do Feirante, vai beneficiar cerca de quatro mil fam\u00edlias<\/p>\n","protected":false},"author":1,"featured_media":54038,"comment_status":"closed","ping_status":"open","sticky":false,"template":"","format":"standard","meta":{"footnotes":""},"categories":[24],"tags":[],"_links":{"self":[{"href":"https:\/\/jornaldeitaipava.com.br\/index.php\/wp-json\/wp\/v2\/posts\/54037"}],"collection":[{"href":"https:\/\/jornaldeitaipava.com.br\/index.php\/wp-json\/wp\/v2\/posts"}],"about":[{"href":"https:\/\/jornaldeitaipava.com.br\/index.php\/wp-json\/wp\/v2\/types\/post"}],"author":[{"embeddable":true,"href":"https:\/\/jornaldeitaipava.com.br\/index.php\/wp-json\/wp\/v2\/users\/1"}],"replies":[{"embeddable":true,"href":"https:\/\/jornaldeitaipava.com.br\/index.php\/wp-json\/wp\/v2\/comments?post=54037"}],"version-history":[{"count":1,"href":"https:\/\/jornaldeitaipava.com.br\/index.php\/wp-json\/wp\/v2\/posts\/54037\/revisions"}],"predecessor-version":[{"id":54039,"href":"https:\/\/jornaldeitaipava.com.br\/index.php\/wp-json\/wp\/v2\/posts\/54037\/revisions\/54039"}],"wp:featuredmedia":[{"embeddable":true,"href":"https:\/\/jornaldeitaipava.com.br\/index.php\/wp-json\/wp\/v2\/media\/54038"}],"wp:attachment":[{"href":"https:\/\/jornaldeitaipava.com.br\/index.php\/wp-json\/wp\/v2\/media?parent=54037"}],"wp:term":[{"taxonomy":"category","embeddable":true,"href":"https:\/\/jornaldeitaipava.com.br\/index.php\/wp-json\/wp\/v2\/categories?post=54037"},{"taxonomy":"post_tag","embeddable":true,"href":"https:\/\/jornaldeitaipava.com.br\/index.php\/wp-json\/wp\/v2\/tags?post=54037"}],"curies":[{"name":"wp","href":"https:\/\/api.w.org\/{rel}","templated":true}]}}