{"id":54040,"date":"2026-09-01T17:38:32","date_gmt":"2026-09-01T20:38:32","guid":{"rendered":"http:\/\/jornaldeitaipava.com.br\/?p=54040"},"modified":"2026-09-01T17:38:33","modified_gmt":"2026-09-01T20:38:33","slug":"prefeitura-abre-semana-da-patria-com-homenagem-aos-pracinhas","status":"publish","type":"post","link":"https:\/\/jornaldeitaipava.com.br\/index.php\/2026\/09\/01\/prefeitura-abre-semana-da-patria-com-homenagem-aos-pracinhas\/","title":{"rendered":"Prefeitura abre Semana da P\u00e1tria com homenagem aos Pracinhas"},"content":{"rendered":"\n<p><strong>Cerim\u00f4nia na Pra\u00e7a dos Expedicion\u00e1rios teve deposi\u00e7\u00e3o de coroa de flores e participa\u00e7\u00e3o de estudantes da rede municipal<\/strong><\/p>\n\n\n\n<p>A Semana da P\u00e1tria foi aberta oficialmente nesta ter\u00e7a-feira (1\/9) com solenidade na Pra\u00e7a dos Expedicion\u00e1rios, no Centro. A cerim\u00f4nia contou com deposi\u00e7\u00e3o de coroa de flores no Monumento aos Pracinhas, soldados petropolitanos que integraram a For\u00e7a Expedicion\u00e1ria Brasileira (FEB) durante a Segunda Guerra Mundial.<\/p>\n\n\n\n<p>\u201cAmar a p\u00e1tria \u00e9 cuidar da terra em que vivemos, das pessoas e da hist\u00f3ria que recebemos. Esse sentimento ajudou o Brasil a construir um caminho de di\u00e1logo e de paz, como uma na\u00e7\u00e3o que n\u00e3o busca a guerra. Ao lembrar quem nos defendeu, tamb\u00e9m reafirmamos a responsabilidade de preservar esse legado e transmiti-lo aos mais jovens\u201d, disse o prefeito Hingo Hammes.<\/p>\n\n\n\n<p>Chefe do Centro General Ernani Ayrosa (CGEA), o tenente-coronel de Infantaria Cristiano Modesto Penafortes, recordou a trajet\u00f3ria do militar que d\u00e1 nome \u00e0 institui\u00e7\u00e3o e relacionou a homenagem \u00e0 defesa da liberdade. \u201cO general Ernani Ayrosa foi combatente da FEB e representa uma gera\u00e7\u00e3o que enfrentou for\u00e7as autorit\u00e1rias longe de casa. Nossa hist\u00f3ria deve sempre render rever\u00eancia aos her\u00f3is que participaram dessa luta. O Ex\u00e9rcito preserva essa mem\u00f3ria e permanece ao lado do povo brasileiro\u201d, afirmou.<\/p>\n\n\n\n<p>A capit\u00e3 da Pol\u00edcia Militar, Endgie Oliver Paquiela, representou o comandante do 26\u00ba Batalh\u00e3o de Pol\u00edcia Militar (BPM), tenente-coronel Vitor William Cortes Leite, e destacou o papel dos brasileiros enviados ao conflito. \u201cA Pol\u00edcia Militar rende sua mais bonita homenagem aos soldados que serviram na Segunda Guerra Mundial. Eles deixaram suas casas, enfrentaram a dist\u00e2ncia e o combate e superaram os obst\u00e1culos movidos pelo amor \u00e0 p\u00e1tria. Honrar essa trajet\u00f3ria \u00e9 reconhecer o servi\u00e7o prestado ao Brasil\u201d, declarou.<\/p>\n\n\n\n<p>A participa\u00e7\u00e3o dos estudantes da Escola Municipal Maria Campos aproximou a cerim\u00f4nia dos conte\u00fados trabalhados nas escolas e abriu espa\u00e7o para uma leitura da hist\u00f3ria ligada aos lugares e a popula\u00e7\u00e3o. \u201cQuando o estudante ocupa um espa\u00e7o dedicado \u00e0 mem\u00f3ria, aquilo que aprende em sala ganha outro sentido. Os jovens conseguem perceber que a independ\u00eancia, a democracia e a paz s\u00e3o constru\u00e7\u00f5es coletivas, ligadas \u00e0s escolhas e \u00e0s responsabilidades de diferentes gera\u00e7\u00f5es\u201d, afirmou a secret\u00e1ria de Educa\u00e7\u00e3o, Ana Carolina Kapler.<\/p>\n\n\n\n<p>Tamb\u00e9m participaram da solenidade o vice-prefeito Albano Filho Baninho; os secret\u00e1rios de Desenvolvimento Econ\u00f4mico, Samir El Ghaoui; de Sa\u00fade, Clarissa Rippel; e de Meio Ambiente, Pedro Henrique de Alc\u00e2ntara; o presidente do Instituto Municipal de Cultura (IMC), Adenilson Honorato e o procurador-geral do munic\u00edpio, Fernando Fernandes.<\/p>\n","protected":false},"excerpt":{"rendered":"<p>Cerim\u00f4nia na Pra\u00e7a dos Expedicion\u00e1rios teve deposi\u00e7\u00e3o de coroa de flores e participa\u00e7\u00e3o de estudantes<\/p>\n","protected":false},"author":1,"featured_media":54041,"comment_status":"closed","ping_status":"open","sticky":false,"template":"","format":"standard","meta":{"footnotes":""},"categories":[24],"tags":[],"_links":{"self":[{"href":"https:\/\/jornaldeitaipava.com.br\/index.php\/wp-json\/wp\/v2\/posts\/54040"}],"collection":[{"href":"https:\/\/jornaldeitaipava.com.br\/index.php\/wp-json\/wp\/v2\/posts"}],"about":[{"href":"https:\/\/jornaldeitaipava.com.br\/index.php\/wp-json\/wp\/v2\/types\/post"}],"author":[{"embeddable":true,"href":"https:\/\/jornaldeitaipava.com.br\/index.php\/wp-json\/wp\/v2\/users\/1"}],"replies":[{"embeddable":true,"href":"https:\/\/jornaldeitaipava.com.br\/index.php\/wp-json\/wp\/v2\/comments?post=54040"}],"version-history":[{"count":1,"href":"https:\/\/jornaldeitaipava.com.br\/index.php\/wp-json\/wp\/v2\/posts\/54040\/revisions"}],"predecessor-version":[{"id":54042,"href":"https:\/\/jornaldeitaipava.com.br\/index.php\/wp-json\/wp\/v2\/posts\/54040\/revisions\/54042"}],"wp:featuredmedia":[{"embeddable":true,"href":"https:\/\/jornaldeitaipava.com.br\/index.php\/wp-json\/wp\/v2\/media\/54041"}],"wp:attachment":[{"href":"https:\/\/jornaldeitaipava.com.br\/index.php\/wp-json\/wp\/v2\/media?parent=54040"}],"wp:term":[{"taxonomy":"category","embeddable":true,"href":"https:\/\/jornaldeitaipava.com.br\/index.php\/wp-json\/wp\/v2\/categories?post=54040"},{"taxonomy":"post_tag","embeddable":true,"href":"https:\/\/jornaldeitaipava.com.br\/index.php\/wp-json\/wp\/v2\/tags?post=54040"}],"curies":[{"name":"wp","href":"https:\/\/api.w.org\/{rel}","templated":true}]}}