{"id":54047,"date":"2026-09-01T17:46:59","date_gmt":"2026-09-01T20:46:59","guid":{"rendered":"http:\/\/jornaldeitaipava.com.br\/?p=54047"},"modified":"2026-09-01T17:47:00","modified_gmt":"2026-09-01T20:47:00","slug":"philippe-guedon-indicado-para-nomear-ponte-em-itaipava","status":"publish","type":"post","link":"https:\/\/jornaldeitaipava.com.br\/index.php\/2026\/09\/01\/philippe-guedon-indicado-para-nomear-ponte-em-itaipava\/","title":{"rendered":"PHILIPPE GU\u00c9DON INDICADO PARA NOMEAR PONTE EM ITAIPAVA"},"content":{"rendered":"\n<p><strong>Homenagem simboliza a luta de Gu\u00e9don pela uni\u00e3o e gest\u00e3o participativa da sociedade civil<\/strong><\/p>\n\n\n\n<p>Com muita satisfa\u00e7\u00e3o a diretoria do IPG recebeu a not\u00edcia de que seu fundador, Philippe Gu\u00e9don, foi indicado para nomear a ponte, atualmente conhecida como ponte do arranha-c\u00e9u,   localizada na BR-040, em Itaipava. Cleveland Jones, Presidente do IPG, acredita que com esta indica\u00e7\u00e3o \u201c Petr\u00f3polis est\u00e1 mais perto de ter mais uma just\u00edssima homenagem a esse \u00edcone da gest\u00e3o participativa, justamente em Itaipava, regi\u00e3o cujo desenvolvimento ele impulsionou e ajudou a transformar em Distrito de Petr\u00f3polis\u201d.<br><br>A iniciativa da homenagem surgiu de Carlos Eduardo Pereira, que se considera um disc\u00edpulo de Gu\u00e9don. A escolha de uma ponte n\u00e3o foi por acaso. \u201cO perfil de Gu\u00e9don era de um construtor de ideias, da\u00ed eu pensei que nada melhor para represent\u00e1-lo, porque a ponte \u00e9 algo que une\u201d, explica Carlos Eduardo ao lembrar da forma como Gu\u00e9don atuava. Seguindo os princ\u00edpios de gest\u00e3o participativa que aprendeu com o mestre, apresentou a proposta primeiro ao COMCIDADE (Conselho Municipal da Cidade de Petr\u00f3polis), do qual faz parte representando a associa\u00e7\u00e3o de prote\u00e7\u00e3o animal GAPA-Petr\u00f3polis. Apesar de aprovada por unanimidade, n\u00e3o pode prosseguir neste conselho porque a ponte liga uma rodovia federal. Mas, n\u00e3o desistiu. Entrou em contato com a ANTT (Ag\u00eancia Nacional de Transportes Terrestres),onde ficou sabendo que a  nomea\u00e7\u00e3o dependia de uma lei federal. Sendo assim, procurou um representante da C\u00e2mara Federal e conseguiu com que o deputado Hugo Leal, apresentasse o PL 5166\/2026, que teve como justificativa da proposta o legado pol\u00edtico e social deixado por Philippe Gu\u00e9don. <br><br>S\u00edlvia Gu\u00e9don, presidente de honra do IPG, lembra que Gu\u00e9don foi pioneiro no desenvolvimento de Itaipava. Al\u00e9m de criar a primeira associa\u00e7\u00e3o de moradores daquela regi\u00e3o \u201ctinha uma vis\u00e3o empreendedora, acreditava que o desenvolvimento de Petr\u00f3polis passaria por Itaipava, isso numa \u00e9poca em que n\u00e3o havia praticamente nada ali\u201d. E lembra que \u201cdepois ele se apaixonou pela vida p\u00fablica, foi vereador, assumiu v\u00e1rios cargos, mas sempre pensando no pr\u00f3ximo, na gest\u00e3o participativa e no planejamento, para termos uma cidade melhor para as pessoas morarem\u201d. Por isso, ressalta que \u201cter uma ponte com o nome dele \u00e9 muito justo e faz muito sentido, porque era uma pessoa que unia, no debate, no olho no olho\u201d.<br><br>Philippe Chaves Gu\u00e9don, cientista pol\u00edtico e um dos netos de Gu\u00e9don, destaca que essa homenagem \u00e9 uma forma de dizer: \u201cPhilippe, reconhecemos o que fez\u201d e salienta que essa nomea\u00e7\u00e3o \u201cser\u00e1 uma forma de iluminar esse legado, que segue vivo em muitos dos que tiveram o privil\u00e9gio de conviver com ele, porque meu av\u00f4 dedicou a vida a construir pontes. Coletivas, participativas e transformadoras\u201d por isso ressalta que esta homenagem significativa tamb\u00e9m \u201c\u00e9 um caminho que desejamos sempre que seja uma forma de conectar pessoas, ideias e projetos como ele foi uma ponte por toda a vida: ligou pessoas, projetos e, principalmente, o cidad\u00e3o \u00e0 sua pr\u00f3pria cidade\u201d.<br><br>Para ser aprovado, o PL ainda precisa passar por algumas etapas, como, por exemplo, an\u00e1lise do texto pelas comiss\u00f5es tem\u00e1ticas; avalia\u00e7\u00e3o de constitucionalidade, legalidade e t\u00e9cnica legislativa do texto. Depois de aprovado na C\u00e2mara, segue para an\u00e1lise no Senado.<br><br>Mais informa\u00e7\u00f5es sobre a trajet\u00f3ria de Philippe Gu\u00e9don podem ser acessadas no site www.ipgpar.org.br<\/p>\n","protected":false},"excerpt":{"rendered":"<p>Homenagem simboliza a luta de Gu\u00e9don pela uni\u00e3o e gest\u00e3o participativa da sociedade civil Com<\/p>\n","protected":false},"author":1,"featured_media":3844,"comment_status":"closed","ping_status":"open","sticky":false,"template":"","format":"standard","meta":{"footnotes":""},"categories":[44],"tags":[],"_links":{"self":[{"href":"https:\/\/jornaldeitaipava.com.br\/index.php\/wp-json\/wp\/v2\/posts\/54047"}],"collection":[{"href":"https:\/\/jornaldeitaipava.com.br\/index.php\/wp-json\/wp\/v2\/posts"}],"about":[{"href":"https:\/\/jornaldeitaipava.com.br\/index.php\/wp-json\/wp\/v2\/types\/post"}],"author":[{"embeddable":true,"href":"https:\/\/jornaldeitaipava.com.br\/index.php\/wp-json\/wp\/v2\/users\/1"}],"replies":[{"embeddable":true,"href":"https:\/\/jornaldeitaipava.com.br\/index.php\/wp-json\/wp\/v2\/comments?post=54047"}],"version-history":[{"count":1,"href":"https:\/\/jornaldeitaipava.com.br\/index.php\/wp-json\/wp\/v2\/posts\/54047\/revisions"}],"predecessor-version":[{"id":54048,"href":"https:\/\/jornaldeitaipava.com.br\/index.php\/wp-json\/wp\/v2\/posts\/54047\/revisions\/54048"}],"wp:featuredmedia":[{"embeddable":true,"href":"https:\/\/jornaldeitaipava.com.br\/index.php\/wp-json\/wp\/v2\/media\/3844"}],"wp:attachment":[{"href":"https:\/\/jornaldeitaipava.com.br\/index.php\/wp-json\/wp\/v2\/media?parent=54047"}],"wp:term":[{"taxonomy":"category","embeddable":true,"href":"https:\/\/jornaldeitaipava.com.br\/index.php\/wp-json\/wp\/v2\/categories?post=54047"},{"taxonomy":"post_tag","embeddable":true,"href":"https:\/\/jornaldeitaipava.com.br\/index.php\/wp-json\/wp\/v2\/tags?post=54047"}],"curies":[{"name":"wp","href":"https:\/\/api.w.org\/{rel}","templated":true}]}}