{"id":54049,"date":"2026-09-01T17:52:52","date_gmt":"2026-09-01T20:52:52","guid":{"rendered":"http:\/\/jornaldeitaipava.com.br\/?p=54049"},"modified":"2026-09-01T17:52:54","modified_gmt":"2026-09-01T20:52:54","slug":"coral-de-petropolis-homenageia-milton-nascimento-em-concerto-no-teatro-imperial","status":"publish","type":"post","link":"https:\/\/jornaldeitaipava.com.br\/index.php\/2026\/09\/01\/coral-de-petropolis-homenageia-milton-nascimento-em-concerto-no-teatro-imperial\/","title":{"rendered":"Coral de Petr\u00f3polis homenageia Milton Nascimento em concerto no Teatro Imperial"},"content":{"rendered":"\n<p><strong>\u201cBrasilidades\u201d ser\u00e1 apresentado nesta sexta-feira (4), \u00e0s 20h, reunindo canto coral, m\u00fasica popular brasileira e arranjos dedicados \u00e0 obra do compositor mineiro<\/strong><\/p>\n\n\n\n<p>O Coral de Petr\u00f3polis sobe ao palco do Teatro Imperial nesta sexta-feira, 4 de setembro, \u00e0s 20h, para apresentar o concerto \u201cBrasilidades\u201d. O espet\u00e1culo celebra a riqueza da m\u00fasica brasileira e ter\u00e1 como um de seus principais destaques uma homenagem \u00e0 obra de Milton Nascimento, um dos nomes mais importantes da hist\u00f3ria da MPB.<\/p>\n\n\n\n<p>Com acompanhamento de base instrumental, a apresenta\u00e7\u00e3o re\u00fane diferentes tradi\u00e7\u00f5es do canto coral brasileiro e arranjos, em sua maioria autorais, para obras do repert\u00f3rio de Milton Nascimento. A proposta \u00e9 aproximar a t\u00e9cnica e a tradi\u00e7\u00e3o coral da m\u00fasica popular, apresentando ao p\u00fablico novas leituras de composi\u00e7\u00f5es que atravessaram gera\u00e7\u00f5es.<\/p>\n\n\n\n<p>\u201cBrasilidades\u201d tamb\u00e9m refor\u00e7a a proposta do Coral de Petr\u00f3polis de contribuir para a valoriza\u00e7\u00e3o e a difus\u00e3o do patrim\u00f4nio musical brasileiro. Ao levar esse repert\u00f3rio ao Teatro Imperial, o grupo promove um encontro entre diferentes gera\u00e7\u00f5es e linguagens musicais, mantendo o canto coral conectado \u00e0 produ\u00e7\u00e3o de grandes compositores nacionais.<\/p>\n\n\n\n<p><strong>Mais de tr\u00eas d\u00e9cadas de hist\u00f3ria<\/strong><\/p>\n\n\n\n<p>Fundado em 27 de setembro de 1989, o Coral de Petr\u00f3polis \u00e9 uma entidade sem fins lucrativos dedicada \u00e0 valoriza\u00e7\u00e3o e \u00e0 difus\u00e3o da cultura por meio do canto coral. Desde 2016, est\u00e1 sob a reg\u00eancia do maestro Rodrigo d\u2019Avila e re\u00fane m\u00fasicos profissionais e amadores, mantendo uma trajet\u00f3ria de mais de tr\u00eas d\u00e9cadas dedicada \u00e0 m\u00fasica.<\/p>\n\n\n\n<p><strong>Servi\u00e7o<\/strong><\/p>\n\n\n\n<p>Coral de Petr\u00f3polis \u2013 Concerto \u201cBrasilidades\u201d<br>4 de setembro | Sexta-feira<br>20h<br>Teatro Imperial \u2013 Rua Marechal Deodoro, 192, Centro, Petr\u00f3polis<br>Ingressos de R$ 25 a R$ 60<br>Classifica\u00e7\u00e3o: Livre<\/p>\n","protected":false},"excerpt":{"rendered":"<p>\u201cBrasilidades\u201d ser\u00e1 apresentado nesta sexta-feira (4), \u00e0s 20h, reunindo canto coral, m\u00fasica popular brasileira e<\/p>\n","protected":false},"author":1,"featured_media":54050,"comment_status":"closed","ping_status":"open","sticky":false,"template":"","format":"standard","meta":{"footnotes":""},"categories":[42],"tags":[],"_links":{"self":[{"href":"https:\/\/jornaldeitaipava.com.br\/index.php\/wp-json\/wp\/v2\/posts\/54049"}],"collection":[{"href":"https:\/\/jornaldeitaipava.com.br\/index.php\/wp-json\/wp\/v2\/posts"}],"about":[{"href":"https:\/\/jornaldeitaipava.com.br\/index.php\/wp-json\/wp\/v2\/types\/post"}],"author":[{"embeddable":true,"href":"https:\/\/jornaldeitaipava.com.br\/index.php\/wp-json\/wp\/v2\/users\/1"}],"replies":[{"embeddable":true,"href":"https:\/\/jornaldeitaipava.com.br\/index.php\/wp-json\/wp\/v2\/comments?post=54049"}],"version-history":[{"count":1,"href":"https:\/\/jornaldeitaipava.com.br\/index.php\/wp-json\/wp\/v2\/posts\/54049\/revisions"}],"predecessor-version":[{"id":54051,"href":"https:\/\/jornaldeitaipava.com.br\/index.php\/wp-json\/wp\/v2\/posts\/54049\/revisions\/54051"}],"wp:featuredmedia":[{"embeddable":true,"href":"https:\/\/jornaldeitaipava.com.br\/index.php\/wp-json\/wp\/v2\/media\/54050"}],"wp:attachment":[{"href":"https:\/\/jornaldeitaipava.com.br\/index.php\/wp-json\/wp\/v2\/media?parent=54049"}],"wp:term":[{"taxonomy":"category","embeddable":true,"href":"https:\/\/jornaldeitaipava.com.br\/index.php\/wp-json\/wp\/v2\/categories?post=54049"},{"taxonomy":"post_tag","embeddable":true,"href":"https:\/\/jornaldeitaipava.com.br\/index.php\/wp-json\/wp\/v2\/tags?post=54049"}],"curies":[{"name":"wp","href":"https:\/\/api.w.org\/{rel}","templated":true}]}}