{"id":54055,"date":"2026-09-01T17:55:38","date_gmt":"2026-09-01T20:55:38","guid":{"rendered":"http:\/\/jornaldeitaipava.com.br\/?p=54055"},"modified":"2026-09-01T17:55:40","modified_gmt":"2026-09-01T20:55:40","slug":"colegio-koeler-abre-inscricoes-para-programa-de-bolsas-2027-com-novas-oportunidades-academicas-e-esportivas","status":"publish","type":"post","link":"https:\/\/jornaldeitaipava.com.br\/index.php\/2026\/09\/01\/colegio-koeler-abre-inscricoes-para-programa-de-bolsas-2027-com-novas-oportunidades-academicas-e-esportivas\/","title":{"rendered":"Col\u00e9gio Koeler abre inscri\u00e7\u00f5es para Programa de Bolsas 2027 com novas oportunidades acad\u00eamicas e esportivas"},"content":{"rendered":"\n<p><strong>Processo seletivo \u00e9 destinado a novos alunos a partir do 5\u00ba ano do Ensino Fundamental e ter\u00e1 duas modalidades de bolsas, com inscri\u00e7\u00e3o gratuita e avalia\u00e7\u00e3o em diferentes etapas<\/strong><\/p>\n\n\n\n<p>O Col\u00e9gio Koeler, em Petr\u00f3polis, abriu as inscri\u00e7\u00f5es para o Programa de Bolsas 2027, iniciativa que amplia as possibilidades de acesso \u00e0 institui\u00e7\u00e3o e passa a reconhecer, de forma estruturada, diferentes talentos e compet\u00eancias dos estudantes. O processo \u00e9 destinado exclusivamente a novos alunos que pretendem ingressar no col\u00e9gio no pr\u00f3ximo ano letivo, a partir do 5\u00ba ano do Ensino Fundamental.<\/p>\n\n\n\n<p>Para 2027, o programa est\u00e1 organizado em duas frentes: a Bolsa Acad\u00eamica CK, voltada a estudantes com elevado desempenho acad\u00eamico e potencial de desenvolvimento, e a Bolsa-Atleta CK, destinada a alunos que conciliam bom desempenho escolar, excel\u00eancia esportiva e comportamento compat\u00edvel com a proposta da institui\u00e7\u00e3o.<\/p>\n\n\n\n<p>As inscri\u00e7\u00f5es s\u00e3o gratuitas e realizadas on-line (<a href=\"https:\/\/crescer.lumnitech.com.br\/lp\/colegiokoeler-programabolsas\" target=\"_blank\" rel=\"noreferrer noopener\">https:\/\/crescer.lumnitech.com.br\/lp\/colegiokoeler-programabolsas<\/a>). De acordo com o regulamento do programa, cada candidato ser\u00e1 avaliado individualmente e o percentual da bolsa ser\u00e1 definido a partir do conjunto de resultados obtidos durante o processo seletivo. Conforme as regras de cada modalidade, tamb\u00e9m poder\u00e1 ser considerada a situa\u00e7\u00e3o socioecon\u00f4mica da fam\u00edlia.<\/p>\n\n\n\n<p><strong>Processo ter\u00e1 diferentes etapas<\/strong><\/p>\n\n\n\n<p>A primeira etapa do processo come\u00e7ou com a abertura das inscri\u00e7\u00f5es. Ap\u00f3s o preenchimento do formul\u00e1rio, a confirma\u00e7\u00e3o, acompanhada das informa\u00e7\u00f5es sobre a prova, ser\u00e1 encaminhada aos contatos fornecidos pela fam\u00edlia.<\/p>\n\n\n\n<p>A Prova de Conhecimento est\u00e1 marcada para 19 de setembro, s\u00e1bado. A avalia\u00e7\u00e3o ser\u00e1 a mesma para as duas modalidades e contar\u00e1 com 10 quest\u00f5es de Portugu\u00eas, 10 quest\u00f5es de Matem\u00e1tica e uma reda\u00e7\u00e3o, com conte\u00fado compat\u00edvel com a s\u00e9rie cursada atualmente pelo candidato.<\/p>\n\n\n\n<p>No caso da Bolsa-Atleta, haver\u00e1 ainda uma etapa espec\u00edfica de avalia\u00e7\u00e3o esportiva. A Seletiva Esportiva ser\u00e1 realizada em 3 de outubro, contemplando as modalidades futsal, basquete, v\u00f4lei e handebol. A avalia\u00e7\u00e3o ser\u00e1 conduzida pelos treinadores do Col\u00e9gio Koeler e ter\u00e1 como objetivo analisar o desempenho t\u00e9cnico e o potencial esportivo dos participantes.<\/p>\n\n\n\n<p>A etapa final ser\u00e1 composta por entrevistas com a Equipe Pedag\u00f3gica, iniciadas a partir de 5 de outubro. As convoca\u00e7\u00f5es ocorrer\u00e3o ao longo de uma janela que se estende at\u00e9 27 de novembro de 2026. Al\u00e9m do desempenho apresentado nas etapas anteriores, a entrevista busca avaliar o alinhamento do candidato e de sua fam\u00edlia com os valores e a proposta pedag\u00f3gica do col\u00e9gio.<\/p>\n\n\n\n<p>Os resultados e os respectivos percentuais de bolsa ser\u00e3o apresentados \u00e0s fam\u00edlias ao longo desse per\u00edodo. A aprova\u00e7\u00e3o na prova, isoladamente, n\u00e3o garante a concess\u00e3o do benef\u00edcio, uma vez que a decis\u00e3o considera o conjunto das avalia\u00e7\u00f5es realizadas. A efetiva\u00e7\u00e3o da bolsa tamb\u00e9m est\u00e1 condicionada \u00e0 realiza\u00e7\u00e3o da matr\u00edcula dentro dos prazos estabelecidos.<\/p>\n\n\n\n<p><strong>Novidades e avan\u00e7os para 2027<\/strong><\/p>\n\n\n\n<p>O Programa de Bolsas integra um movimento mais amplo de atualiza\u00e7\u00e3o da proposta educacional do Col\u00e9gio Koeler para 2027. A institui\u00e7\u00e3o vem estruturando uma abordagem de forma\u00e7\u00e3o integral, que articula excel\u00eancia acad\u00eamica, educa\u00e7\u00e3o bil\u00edngue, educa\u00e7\u00e3o socioemocional, forma\u00e7\u00e3o leitora, educa\u00e7\u00e3o tecnol\u00f3gica e esporte e movimento.<\/p>\n\n\n\n<p>Entre os projetos que integram essa proposta est\u00e3o o sistema de ensino SAS, alinhado \u00e0 Base Nacional Comum Curricular (BNCC), a forma\u00e7\u00e3o bil\u00edngue por meio do PES, em parceria com a Cambridge, o programa Escola da Intelig\u00eancia, a forma\u00e7\u00e3o leitora com o Maralto e as iniciativas de cultura maker e pensamento computacional desenvolvidas com a Nave \u00e0 Vela. No esporte, o Projeto Pr\u00e1xis trabalha aspectos como disciplina, coordena\u00e7\u00e3o, coopera\u00e7\u00e3o e h\u00e1bitos saud\u00e1veis e na alimenta\u00e7\u00e3o, Educa\u00e7\u00e3o Nutricional em parceria com a Habitus.<\/p>\n\n\n\n<p>A abertura das bolsas para 2027 amplia esse conceito ao reconhecer n\u00e3o apenas o desempenho acad\u00eamico, mas tamb\u00e9m o esporte como instrumento de forma\u00e7\u00e3o. A Bolsa-Atleta, ao combinar prova de conhecimento, avalia\u00e7\u00e3o esportiva e entrevista pedag\u00f3gica, estabelece uma perspectiva de desenvolvimento que considera diferentes dimens\u00f5es da trajet\u00f3ria do estudante.<\/p>\n\n\n\n<p>Para o diretor do Col\u00e9gio Koeler, Thiago Mattos, o planejamento para 2027 representa a continuidade de um processo de aprimoramento da institui\u00e7\u00e3o. \u201cEstamos fazendo um trabalho muito cuidadoso de estudo e acompanhamento. Existe um olhar minucioso sobre aquilo que oferecemos aos nossos alunos e, principalmente, sobre aquilo que ainda podemos fazer melhor. Pensar em 2027 \u00e9 pensar em evolu\u00e7\u00e3o, em aprimoramento e em novas possibilidades para que cada estudante tenha uma experi\u00eancia educacional cada vez mais completa\u201d, afirma Thiago Mattos.<\/p>\n\n\n\n<p>O diretor tamb\u00e9m destaca a import\u00e2ncia de uma forma\u00e7\u00e3o que ultrapasse o desempenho exclusivamente acad\u00eamico. \u201cQuando falamos em educa\u00e7\u00e3o 360, estamos falando de olhar para o aluno como um indiv\u00edduo completo. A excel\u00eancia acad\u00eamica \u00e9 fundamental, mas ela precisa caminhar junto com a educa\u00e7\u00e3o socioemocional, a tecnologia, a forma\u00e7\u00e3o leitora, o ingl\u00eas, a nutri\u00e7\u00e3o e o esporte. S\u00e3o dimens\u00f5es que se complementam e que ajudam a preparar nossos alunos n\u00e3o apenas para as avalia\u00e7\u00f5es, mas para a vida\u201d, explica.<\/p>\n\n\n\n<p><strong>Inscri\u00e7\u00f5es gratuitas<\/strong><\/p>\n\n\n\n<p>Podem participar estudantes que pretendam ingressar no Col\u00e9gio Koeler em 2027, a partir do 5\u00ba ano do Ensino Fundamental. Os programas s\u00e3o exclusivos para novos alunos; estudantes que j\u00e1 integram a institui\u00e7\u00e3o est\u00e3o submetidos a regulamentos pr\u00f3prios.<\/p>\n\n\n\n<p>No formul\u00e1rio de inscri\u00e7\u00e3o, o respons\u00e1vel dever\u00e1 informar seus dados de contato, as informa\u00e7\u00f5es do candidato, a s\u00e9rie que ser\u00e1 cursada em 2027, a escola atual e a modalidade de bolsa pretendida. Cada candidato poder\u00e1 escolher apenas uma das duas op\u00e7\u00f5es.<\/p>\n\n\n\n<p>Os regulamentos oficiais da Bolsa Acad\u00eamica CK e da Bolsa-Atleta CK est\u00e3o dispon\u00edveis para consulta das fam\u00edlias e estabelecem as regras espec\u00edficas de cada processo.<\/p>\n\n\n\n<p><strong>Cronograma<\/strong><\/p>\n\n\n\n<p>19 de setembro de 2026 \u2013 Prova de Conhecimento, com Portugu\u00eas, Matem\u00e1tica e reda\u00e7\u00e3o<\/p>\n\n\n\n<p>3 de outubro de 2026 \u2013 Seletiva Esportiva para candidatos \u00e0 Bolsa-Atleta<\/p>\n\n\n\n<p>A partir de 5 de outubro de 2026 \u2013 Entrevistas com a Equipe Pedag\u00f3gica<\/p>\n\n\n\n<p>At\u00e9 27 de novembro de 2026 \u2013 Per\u00edodo previsto para as convoca\u00e7\u00f5es e apresenta\u00e7\u00e3o dos resultados<\/p>\n\n\n\n<p>Ap\u00f3s a concess\u00e3o \u2013 Efetiva\u00e7\u00e3o da matr\u00edcula dentro do prazo estabelecido<\/p>\n\n\n\n<p>As datas previstas poder\u00e3o ser ajustadas pela institui\u00e7\u00e3o, mediante comunica\u00e7\u00e3o pr\u00e9via em seus canais oficiais.<\/p>\n\n\n\n<p>Mais informa\u00e7\u00f5es diretamente na secretaria do Col\u00e9gio Koeler \u00e0 na&nbsp;<a href=\"https:\/\/www.google.com\/maps\/search\/Av.+Koeler,+190+%E2%80%94+Centro,+Petr%C3%B3polis%2FRJ?entry=gmail&amp;source=g\">Av. Koeler, 190 \u2014 Centro, Petr\u00f3polis\/RJ<\/a>, pelo WhatsApp (24) 3302-2311 e no Instagram @ckpetropolis.<\/p>\n","protected":false},"excerpt":{"rendered":"<p>Processo seletivo \u00e9 destinado a novos alunos a partir do 5\u00ba ano do Ensino Fundamental<\/p>\n","protected":false},"author":1,"featured_media":52326,"comment_status":"closed","ping_status":"open","sticky":false,"template":"","format":"standard","meta":{"footnotes":""},"categories":[9],"tags":[],"_links":{"self":[{"href":"https:\/\/jornaldeitaipava.com.br\/index.php\/wp-json\/wp\/v2\/posts\/54055"}],"collection":[{"href":"https:\/\/jornaldeitaipava.com.br\/index.php\/wp-json\/wp\/v2\/posts"}],"about":[{"href":"https:\/\/jornaldeitaipava.com.br\/index.php\/wp-json\/wp\/v2\/types\/post"}],"author":[{"embeddable":true,"href":"https:\/\/jornaldeitaipava.com.br\/index.php\/wp-json\/wp\/v2\/users\/1"}],"replies":[{"embeddable":true,"href":"https:\/\/jornaldeitaipava.com.br\/index.php\/wp-json\/wp\/v2\/comments?post=54055"}],"version-history":[{"count":1,"href":"https:\/\/jornaldeitaipava.com.br\/index.php\/wp-json\/wp\/v2\/posts\/54055\/revisions"}],"predecessor-version":[{"id":54056,"href":"https:\/\/jornaldeitaipava.com.br\/index.php\/wp-json\/wp\/v2\/posts\/54055\/revisions\/54056"}],"wp:featuredmedia":[{"embeddable":true,"href":"https:\/\/jornaldeitaipava.com.br\/index.php\/wp-json\/wp\/v2\/media\/52326"}],"wp:attachment":[{"href":"https:\/\/jornaldeitaipava.com.br\/index.php\/wp-json\/wp\/v2\/media?parent=54055"}],"wp:term":[{"taxonomy":"category","embeddable":true,"href":"https:\/\/jornaldeitaipava.com.br\/index.php\/wp-json\/wp\/v2\/categories?post=54055"},{"taxonomy":"post_tag","embeddable":true,"href":"https:\/\/jornaldeitaipava.com.br\/index.php\/wp-json\/wp\/v2\/tags?post=54055"}],"curies":[{"name":"wp","href":"https:\/\/api.w.org\/{rel}","templated":true}]}}