{"id":54061,"date":"2026-09-02T20:14:14","date_gmt":"2026-09-02T23:14:14","guid":{"rendered":"http:\/\/jornaldeitaipava.com.br\/?p=54061"},"modified":"2026-09-02T20:14:17","modified_gmt":"2026-09-02T23:14:17","slug":"rock-in-rio-2026-detro-rj-tera-planejamento-especial-de-fiscalizacao-ao-transporte-ilegal","status":"publish","type":"post","link":"https:\/\/jornaldeitaipava.com.br\/index.php\/2026\/09\/02\/rock-in-rio-2026-detro-rj-tera-planejamento-especial-de-fiscalizacao-ao-transporte-ilegal\/","title":{"rendered":"Rock in Rio 2026: Detro\/RJ ter\u00e1 planejamento especial de fiscaliza\u00e7\u00e3o ao transporte ilegal"},"content":{"rendered":"\n<p><strong>Opera\u00e7\u00e3o come\u00e7a, nesta quarta-feira (02\/09), e dura todo o festival; a\u00e7\u00f5es incluem fiscaliza\u00e7\u00e3o in loco e poss\u00edvel refor\u00e7o de viagens<\/strong><\/p>\n\n\n\n<p><br>O Rock in Rio 2026 vai contar\u00e1 com uma opera\u00e7\u00e3o especial de fiscaliza\u00e7\u00e3o montada pelo Departamento de Transportes Rodovi\u00e1rios do Estado do Rio de Janeiro (Detro\/RJ). As a\u00e7\u00f5es come\u00e7am, nesta quarta-feira (02\/09), e v\u00e3o continuar durante todo o per\u00edodo do festival, que este ano espera receber cerca de 100 mil pessoas por dia. At\u00e9 13\/09, o departamento ter\u00e1 como principais focos o combate ao transporte ilegal de passageiros e o aumento da demanda pelo transporte p\u00fablico intermunicipal.<br><br>Antes do in\u00edcio do festival, as equipes do Detro\/RJ atuar\u00e3o em pontos estrat\u00e9gicos de chegada ao Rio de Janeiro, coibindo a atua\u00e7\u00e3o de ve\u00edculos particulares que estejam realizando transporte remunerado sem autoriza\u00e7\u00e3o do poder p\u00fablico ou cadastro em plataforma de transporte por aplicativo. Durante os dias de evento, a partir da sexta-feira (04\/09), o trabalho ser\u00e1 ampliado para os arredores da Cidade do Rock, na Barra da Tijuca, com aten\u00e7\u00e3o \u00e0s \u00e1reas de maior circula\u00e7\u00e3o de p\u00fablico.<br><br>A fiscaliza\u00e7\u00e3o tamb\u00e9m acompanhar\u00e1 de perto o transporte regular em todos os dias de show. Equipes de fiscais atuar\u00e3o de forma integrada no monitoramento do servi\u00e7o \u201cPrimeira Classe\u201d, frota de ve\u00edculos contratada pelo evento para realizar o transporte direto at\u00e9 a Cidade do Rock, tanto nos pontos de sa\u00edda quanto na chegada. Os pontos de sa\u00edda com destino ao festival estar\u00e3o localizados em diferentes regi\u00f5es do estado, incluindo as cidades de Niter\u00f3i, S\u00e3o Gon\u00e7alo, Nova Igua\u00e7u, Petr\u00f3polis, Teres\u00f3polis, Nova Friburgo, Arma\u00e7\u00e3o de B\u00fazios, Cabo Frio, Maca\u00e9, Campos dos Goytacazes, Barra Mansa, Resende, Volta Redonda e Pira\u00ed.<br><br>Paralelamente \u00e0s a\u00e7\u00f5es presenciais, o departamento tamb\u00e9m estar\u00e1 monitorando via GPS os intervalos de partida e a demanda de transporte em linhas intermunicipais comuns com destino ou passagem pela Barra da Tijuca, terminais do sistema BRT, esta\u00e7\u00f5es de metr\u00f4 e outros pontos estrat\u00e9gicos de integra\u00e7\u00e3o utilizados pelo p\u00fablico do festival. O controle \u00e0 dist\u00e2ncia ser\u00e1 realizado por meio do Centro de Tecnologia de Fiscaliza\u00e7\u00e3o e Monitoramento (CTFM) do Detro\/RJ, possibilitando o r\u00e1pido contato com as empresas para disponibiliza\u00e7\u00e3o de mais viagens.<br><br>Em caso de d\u00favidas ou reclama\u00e7\u00f5es, o contato com a Ouvidoria do Detro\/RJ pode ser feito atrav\u00e9s do portal online OuvERJ, que re\u00fane servi\u00e7os de transpar\u00eancia e atendimento ao cidad\u00e3o fluminense, no link&nbsp;<a href=\"https:\/\/www.rj.gov.br\/ouverj\/\" target=\"_blank\" rel=\"noreferrer noopener\">https:\/\/www.rj.gov.br\/ouverj\/<\/a>. Tamb\u00e9m \u00e9 poss\u00edvel falar diretamente com um atendente ligando para (21) 3883-4141. O n\u00famero funciona em dias \u00fateis, das 09h \u00e0s 17h.<\/p>\n","protected":false},"excerpt":{"rendered":"<p>Opera\u00e7\u00e3o come\u00e7a, nesta quarta-feira (02\/09), e dura todo o festival; a\u00e7\u00f5es incluem fiscaliza\u00e7\u00e3o in loco<\/p>\n","protected":false},"author":1,"featured_media":54062,"comment_status":"closed","ping_status":"open","sticky":false,"template":"","format":"standard","meta":{"footnotes":""},"categories":[44],"tags":[],"_links":{"self":[{"href":"https:\/\/jornaldeitaipava.com.br\/index.php\/wp-json\/wp\/v2\/posts\/54061"}],"collection":[{"href":"https:\/\/jornaldeitaipava.com.br\/index.php\/wp-json\/wp\/v2\/posts"}],"about":[{"href":"https:\/\/jornaldeitaipava.com.br\/index.php\/wp-json\/wp\/v2\/types\/post"}],"author":[{"embeddable":true,"href":"https:\/\/jornaldeitaipava.com.br\/index.php\/wp-json\/wp\/v2\/users\/1"}],"replies":[{"embeddable":true,"href":"https:\/\/jornaldeitaipava.com.br\/index.php\/wp-json\/wp\/v2\/comments?post=54061"}],"version-history":[{"count":1,"href":"https:\/\/jornaldeitaipava.com.br\/index.php\/wp-json\/wp\/v2\/posts\/54061\/revisions"}],"predecessor-version":[{"id":54063,"href":"https:\/\/jornaldeitaipava.com.br\/index.php\/wp-json\/wp\/v2\/posts\/54061\/revisions\/54063"}],"wp:featuredmedia":[{"embeddable":true,"href":"https:\/\/jornaldeitaipava.com.br\/index.php\/wp-json\/wp\/v2\/media\/54062"}],"wp:attachment":[{"href":"https:\/\/jornaldeitaipava.com.br\/index.php\/wp-json\/wp\/v2\/media?parent=54061"}],"wp:term":[{"taxonomy":"category","embeddable":true,"href":"https:\/\/jornaldeitaipava.com.br\/index.php\/wp-json\/wp\/v2\/categories?post=54061"},{"taxonomy":"post_tag","embeddable":true,"href":"https:\/\/jornaldeitaipava.com.br\/index.php\/wp-json\/wp\/v2\/tags?post=54061"}],"curies":[{"name":"wp","href":"https:\/\/api.w.org\/{rel}","templated":true}]}}