{"id":54064,"date":"2026-09-02T20:17:45","date_gmt":"2026-09-02T23:17:45","guid":{"rendered":"http:\/\/jornaldeitaipava.com.br\/?p=54064"},"modified":"2026-09-02T20:17:47","modified_gmt":"2026-09-02T23:17:47","slug":"cdl-petropolis-acompanha-confederacao-e-defende-cautela-em-mudancas-que-podem-impactar-empregos-e-precos","status":"publish","type":"post","link":"https:\/\/jornaldeitaipava.com.br\/index.php\/2026\/09\/02\/cdl-petropolis-acompanha-confederacao-e-defende-cautela-em-mudancas-que-podem-impactar-empregos-e-precos\/","title":{"rendered":"CDL Petr\u00f3polis acompanha Confedera\u00e7\u00e3o e defende cautela em mudan\u00e7as que podem impactar empregos e pre\u00e7os"},"content":{"rendered":"\n<p><em>Entidade refor\u00e7a import\u00e2ncia de estudos e di\u00e1logo nas discuss\u00f5es sobre escala 6&#215;1 e tributa\u00e7\u00e3o de compras internacionais; com\u00e9rcio re\u00fane cerca de 16 mil postos de trabalho na cidade<\/em><\/p>\n\n\n\n<p>A C\u00e2mara de Dirigentes Lojistas de Petr\u00f3polis (CDL Petr\u00f3polis) acompanha o posicionamento da Confedera\u00e7\u00e3o Nacional de Dirigentes Lojistas (CNDL) e da Uni\u00e3o Nacional de Entidades do Com\u00e9rcio e Servi\u00e7os (UNECS) em defesa de uma condu\u00e7\u00e3o respons\u00e1vel e baseada em estudos t\u00e9cnicos para mudan\u00e7as que possam afetar as rela\u00e7\u00f5es de trabalho e a atividade econ\u00f4mica. Para a entidade, as discuss\u00f5es sobre a escala 6&#215;1 e a tributa\u00e7\u00e3o das compras internacionais precisam considerar seus impactos sobre empregos, custos, pre\u00e7os, competitividade e consumo. A nota conjunta da CNDL e UNECS foi divulgada nesta quarta (02) em fun\u00e7\u00e3o das mudan\u00e7as estarem em pauta no Congresso.<\/p>\n\n\n\n<p>Na manifesta\u00e7\u00e3o, CNDL e UNECS defendem que mudan\u00e7as estruturantes nas rela\u00e7\u00f5es de trabalho e na tributa\u00e7\u00e3o sejam constru\u00eddas com responsabilidade, previsibilidade e amplo di\u00e1logo, independentemente do momento pol\u00edtico.&nbsp;&nbsp;As entidades mencionam diretamente a escala 6x 1, as compras internacionais e sua tributa\u00e7\u00e3o&nbsp;&nbsp;e os impactos dessas iniciativas no pre\u00e7o final ao consumidor.<\/p>\n\n\n\n<p>As entidades consideram leg\u00edtimo o debate sobre novos modelos de jornada, mas alertam para os impactos de uma eventual mudan\u00e7a uniforme sobre custos, empregos, produtividade e pre\u00e7os. Tamb\u00e9m defendem isonomia concorrencial nas compras internacionais de pequeno valor, com avalia\u00e7\u00e3o dos efeitos sobre empresas brasileiras, arrecada\u00e7\u00e3o, empregos e consumidores. Diante do cen\u00e1rio de juros elevados, restri\u00e7\u00e3o ao cr\u00e9dito, inadimpl\u00eancia e desafios fiscais, as entidades refor\u00e7am a necessidade de decis\u00f5es baseadas em estudos t\u00e9cnicos, evid\u00eancias e avalia\u00e7\u00e3o de impactos.<\/p>\n\n\n\n<p>Em Petr\u00f3polis, a discuss\u00e3o tem impacto direto sobre uma das principais atividades econ\u00f4micas da cidade. O com\u00e9rcio re\u00fane cerca de 16 mil postos de trabalho, o que coloca o setor entre os maiores empregadores do munic\u00edpio. Para o presidente da CDL Petr\u00f3polis, Cl\u00e1udio Mohammad, decis\u00f5es que alterem as condi\u00e7\u00f5es de funcionamento das empresas precisam considerar a realidade de quem est\u00e1 na ponta.<\/p>\n\n\n\n<p>Para as entidades lojistas, mudan\u00e7as na jornada devem considerar as particularidades do com\u00e9rcio, que funciona em hor\u00e1rios estendidos, fins de semana e feriados, enquanto a tributa\u00e7\u00e3o das compras internacionais precisa garantir condi\u00e7\u00f5es equilibradas de concorr\u00eancia para as empresas brasileiras. Em ambos os casos, a CDL defende que os impactos sobre empregos, custos, pre\u00e7os e consumidores sejam avaliados antes de qualquer mudan\u00e7a.<\/p>\n\n\n\n<p>\u201cPrecisamos encontrar um equil\u00edbrio que preserve os direitos dos trabalhadores, mas tamb\u00e9m a capacidade das empresas de gerar empregos e manter seus neg\u00f3cios. Da mesma forma, \u00e9 necess\u00e1rio garantir uma concorr\u00eancia justa entre quem est\u00e1 no Brasil, gera empregos e paga impostos e as plataformas internacionais. S\u00e3o decis\u00f5es que precisam ser tomadas com responsabilidade, estudos e di\u00e1logo\u201d, afirma Cl\u00e1udio Mohammad.<\/p>\n\n\n\n<p><strong>Impacto sobre o consumidor<\/strong><\/p>\n\n\n\n<p>A entidade tamb\u00e9m chama aten\u00e7\u00e3o para o atual cen\u00e1rio econ\u00f4mico, marcado por juros elevados, restri\u00e7\u00f5es ao cr\u00e9dito, inadimpl\u00eancia das fam\u00edlias e desafios fiscais. Nesse ambiente, mudan\u00e7as que elevem custos ou alterem significativamente as condi\u00e7\u00f5es de opera\u00e7\u00e3o das empresas podem chegar ao consumidor por meio dos pre\u00e7os.<\/p>\n\n\n\n<p>\u201cQuando discutimos o com\u00e9rcio, estamos falando tamb\u00e9m do consumidor. O empres\u00e1rio precisa ter condi\u00e7\u00f5es de manter seu neg\u00f3cio, investir e empregar, mas o consumidor tamb\u00e9m precisa ter acesso a pre\u00e7os competitivos. S\u00e3o interesses que precisam ser considerados conjuntamente\u201d, destaca o presidente da CDL Petr\u00f3polis.<\/p>\n","protected":false},"excerpt":{"rendered":"<p>Entidade refor\u00e7a import\u00e2ncia de estudos e di\u00e1logo nas discuss\u00f5es sobre escala 6&#215;1 e tributa\u00e7\u00e3o de<\/p>\n","protected":false},"author":1,"featured_media":54065,"comment_status":"closed","ping_status":"open","sticky":false,"template":"","format":"standard","meta":{"footnotes":""},"categories":[2],"tags":[],"_links":{"self":[{"href":"https:\/\/jornaldeitaipava.com.br\/index.php\/wp-json\/wp\/v2\/posts\/54064"}],"collection":[{"href":"https:\/\/jornaldeitaipava.com.br\/index.php\/wp-json\/wp\/v2\/posts"}],"about":[{"href":"https:\/\/jornaldeitaipava.com.br\/index.php\/wp-json\/wp\/v2\/types\/post"}],"author":[{"embeddable":true,"href":"https:\/\/jornaldeitaipava.com.br\/index.php\/wp-json\/wp\/v2\/users\/1"}],"replies":[{"embeddable":true,"href":"https:\/\/jornaldeitaipava.com.br\/index.php\/wp-json\/wp\/v2\/comments?post=54064"}],"version-history":[{"count":1,"href":"https:\/\/jornaldeitaipava.com.br\/index.php\/wp-json\/wp\/v2\/posts\/54064\/revisions"}],"predecessor-version":[{"id":54066,"href":"https:\/\/jornaldeitaipava.com.br\/index.php\/wp-json\/wp\/v2\/posts\/54064\/revisions\/54066"}],"wp:featuredmedia":[{"embeddable":true,"href":"https:\/\/jornaldeitaipava.com.br\/index.php\/wp-json\/wp\/v2\/media\/54065"}],"wp:attachment":[{"href":"https:\/\/jornaldeitaipava.com.br\/index.php\/wp-json\/wp\/v2\/media?parent=54064"}],"wp:term":[{"taxonomy":"category","embeddable":true,"href":"https:\/\/jornaldeitaipava.com.br\/index.php\/wp-json\/wp\/v2\/categories?post=54064"},{"taxonomy":"post_tag","embeddable":true,"href":"https:\/\/jornaldeitaipava.com.br\/index.php\/wp-json\/wp\/v2\/tags?post=54064"}],"curies":[{"name":"wp","href":"https:\/\/api.w.org\/{rel}","templated":true}]}}