{"id":54070,"date":"2026-09-02T20:23:41","date_gmt":"2026-09-02T23:23:41","guid":{"rendered":"http:\/\/jornaldeitaipava.com.br\/?p=54070"},"modified":"2026-09-02T20:23:43","modified_gmt":"2026-09-02T23:23:43","slug":"projeto-acalanto-promove-oficina-de-palhacaria-aberta-ao-publico","status":"publish","type":"post","link":"https:\/\/jornaldeitaipava.com.br\/index.php\/2026\/09\/02\/projeto-acalanto-promove-oficina-de-palhacaria-aberta-ao-publico\/","title":{"rendered":"Projeto Acalanto promove Oficina de Palha\u00e7aria aberta ao p\u00fablico"},"content":{"rendered":"\n<p><strong>Com inscri\u00e7\u00f5es gratuitas, ser\u00e3o oferecidas 20 vagas para o p\u00fablico interessado em conhecer a modalidade art\u00edstica<\/strong><\/p>\n\n\n\n<p>O projeto \u201c<strong>Acalanto &#8211; Risos, Afetos e Encontros<\/strong>\u201d abre inscri\u00e7\u00f5es para a\u00a0<strong>Oficina de Palha\u00e7aria<\/strong>. A proposta \u00e9 oferecer ao p\u00fablico uma viv\u00eancia na modalidade art\u00edstica, com a pr\u00e1tica de brincadeiras e exerc\u00edcios teatrais. A atividade ser\u00e1 realizada no dia 15 de setembro, das 18h \u00e0s 22h, no Centro Cultural da UNIFASE (<a href=\"https:\/\/www.google.com\/maps\/search\/Av.+Bar%C3%A3o+do+Rio+Branco,+1003,+Centro+-+Petr%C3%B3polis%2FRJ?entry=gmail&amp;source=g\">Av. Bar\u00e3o do Rio Branco, 1003, Centro &#8211; Petr\u00f3polis\/RJ<\/a>). Com vagas limitadas, as\u00a0<strong>inscri\u00e7\u00f5es poder\u00e3o ser feitas gratuitamente, entre os dias 31 de agosto e 4 de setembro<\/strong>, por meio de formul\u00e1rio online acess\u00edvel por este link\u00a0<a href=\"https:\/\/forms.gle\/ofsGoBzAXHB3PHxE9\" target=\"_blank\" rel=\"noreferrer noopener\">https:\/\/forms.gle\/ofsGoBzAXHB3PHxE9<\/a>.<\/p>\n\n\n\n<p>A atividade faz parte do projeto, que tem a produ\u00e7\u00e3o dos grupos Palhast\u00f4nicos e Teatro Circense Andan\u00e7a, com realiza\u00e7\u00e3o do Minist\u00e9rio da Cultura, viabilizado pela Lei de Incentivo \u00e0 Cultura &#8211; Lei Rouanet. Iniciado em janeiro, o projeto promove interven\u00e7\u00f5es art\u00edsticas no Hospital Alcides Carneiro, na Associa\u00e7\u00e3o Petropolitana dos Pacientes Oncol\u00f3gicos (APPO) e na RadioSerra (Centro Regional de Radioterapia).<\/p>\n\n\n\n<p>Na oficina, o p\u00fablico ter\u00e1 a oportunidade de exercitar e conhecer um pouco das t\u00e9cnicas utilizadas no desenvolvimento do projeto. \u201cA proposta \u00e9 levar essa arte para o p\u00fablico n\u00e3o s\u00f3 por meio das interven\u00e7\u00f5es em ambientes hospitalares, mas tamb\u00e9m mostrar a ess\u00eancia da mesma que promove encontros afetuosos e transformadores entre palha\u00e7as\/palha\u00e7os e pacientes, familiares e profissionais da sa\u00fade\u201d, destacou&nbsp;<strong>o coordenador do projeto, L\u00e9o Gaviole<\/strong>, palha\u00e7o, ator, professor e pesquisador, destacando ainda o objetivo do projeto em contribuir para o enfrentamento da dor e, especialmente, humaniza\u00e7\u00e3o dos atendimentos em sa\u00fade.<\/p>\n\n\n\n<p>O projeto, fundamentado em pesquisas que comprovam os benef\u00edcios da pr\u00e1tica art\u00edstica em unidades de sa\u00fade, visa \u00e0 melhoria da qualidade de vida das pessoas em tratamentos prolongados. As interven\u00e7\u00f5es s\u00e3o realizadas por artistas locais, profissionais das artes c\u00eanicas que atuam e pesquisam a arte do circo e do riso. Al\u00e9m de L\u00e9o Gaviole, os multiartistas Andressa Hazboun, Dalus Gon\u00e7alves, Renata Alves e Madson Jos\u00e9 integram o elenco. Juntos, utilizam a m\u00fasica para incrementar suas apresenta\u00e7\u00f5es recheadas de malabarismo, m\u00e1gicas, fantoches, bolhas de sab\u00e3o, improvisa\u00e7\u00e3o e muita empatia.<\/p>\n\n\n\n<p>O trabalho, que tem disseminado a arte da palha\u00e7aria, \u00e9 viabilizado pelo&nbsp;Programa Nacional de Incentivo \u00e0 Cultura &#8211; Lei Rouanet, do Minist\u00e9rio da Cultura, com o patroc\u00ednio da GE Aerospace e Parceria com o Hospital Alcides Carneiro, SEHAC, APPO, RadioSerra e UNIFASE.<\/p>\n\n\n\n<p>Al\u00e9m do trabalho de atua\u00e7\u00e3o em campo, o projeto oferece forma\u00e7\u00e3o em palha\u00e7aria em ambiente hospitalar para alunos da Unifase, oficinas de palha\u00e7aria para o p\u00fablico em geral e viv\u00eancias palhacescas para as equipes de sa\u00fade dos territ\u00f3rios de atua\u00e7\u00e3o. Informa\u00e7\u00f5es sobre o projeto podem ser conferidas no perfil do Instagram&nbsp;@projeto.acalanto_ ou no website&nbsp;<a href=\"http:\/\/www.projetoacalanto.com.br\/\" target=\"_blank\" rel=\"noreferrer noopener\">www.projetoacalanto.com.br<\/a>.<\/p>\n\n\n\n<p><strong>Servi\u00e7o<\/strong><\/p>\n\n\n\n<p>Oficina de Palha\u00e7aria do Projeto Acalanto<\/p>\n\n\n\n<p>Data: 15\/9, das 18h \u00e0s 22h<\/p>\n\n\n\n<p>Local: Centro Cultural da UNIFASE (<a href=\"https:\/\/www.google.com\/maps\/search\/Av.+Bar%C3%A3o+do+Rio+Branco,+1003,+Centro+-+Petr%C3%B3polis%2FRJ?entry=gmail&amp;source=g\">Av. Bar\u00e3o do Rio Branco, 1003, Centro &#8211; Petr\u00f3polis\/RJ<\/a>)<\/p>\n\n\n\n<p>Inscri\u00e7\u00f5es gratuitas:&nbsp;<a href=\"https:\/\/forms.gle\/ofsGoBzAXHB3PHxE9\" target=\"_blank\" rel=\"noreferrer noopener\">https:\/\/forms.gle\/ofsGoBzAXHB3PHxE9<\/a><\/p>\n","protected":false},"excerpt":{"rendered":"<p>Com inscri\u00e7\u00f5es gratuitas, ser\u00e3o oferecidas 20 vagas para o p\u00fablico interessado em conhecer a modalidade<\/p>\n","protected":false},"author":1,"featured_media":54071,"comment_status":"closed","ping_status":"open","sticky":false,"template":"","format":"standard","meta":{"footnotes":""},"categories":[1],"tags":[],"_links":{"self":[{"href":"https:\/\/jornaldeitaipava.com.br\/index.php\/wp-json\/wp\/v2\/posts\/54070"}],"collection":[{"href":"https:\/\/jornaldeitaipava.com.br\/index.php\/wp-json\/wp\/v2\/posts"}],"about":[{"href":"https:\/\/jornaldeitaipava.com.br\/index.php\/wp-json\/wp\/v2\/types\/post"}],"author":[{"embeddable":true,"href":"https:\/\/jornaldeitaipava.com.br\/index.php\/wp-json\/wp\/v2\/users\/1"}],"replies":[{"embeddable":true,"href":"https:\/\/jornaldeitaipava.com.br\/index.php\/wp-json\/wp\/v2\/comments?post=54070"}],"version-history":[{"count":1,"href":"https:\/\/jornaldeitaipava.com.br\/index.php\/wp-json\/wp\/v2\/posts\/54070\/revisions"}],"predecessor-version":[{"id":54072,"href":"https:\/\/jornaldeitaipava.com.br\/index.php\/wp-json\/wp\/v2\/posts\/54070\/revisions\/54072"}],"wp:featuredmedia":[{"embeddable":true,"href":"https:\/\/jornaldeitaipava.com.br\/index.php\/wp-json\/wp\/v2\/media\/54071"}],"wp:attachment":[{"href":"https:\/\/jornaldeitaipava.com.br\/index.php\/wp-json\/wp\/v2\/media?parent=54070"}],"wp:term":[{"taxonomy":"category","embeddable":true,"href":"https:\/\/jornaldeitaipava.com.br\/index.php\/wp-json\/wp\/v2\/categories?post=54070"},{"taxonomy":"post_tag","embeddable":true,"href":"https:\/\/jornaldeitaipava.com.br\/index.php\/wp-json\/wp\/v2\/tags?post=54070"}],"curies":[{"name":"wp","href":"https:\/\/api.w.org\/{rel}","templated":true}]}}