{"id":54073,"date":"2026-09-02T20:24:59","date_gmt":"2026-09-02T23:24:59","guid":{"rendered":"http:\/\/jornaldeitaipava.com.br\/?p=54073"},"modified":"2026-09-02T20:25:06","modified_gmt":"2026-09-02T23:25:06","slug":"embaixada-da-india-recebe-acharya-de-vedanta-jonas-masetti-para-imersao-sobre-mascaras-sociais","status":"publish","type":"post","link":"https:\/\/jornaldeitaipava.com.br\/index.php\/2026\/09\/02\/embaixada-da-india-recebe-acharya-de-vedanta-jonas-masetti-para-imersao-sobre-mascaras-sociais\/","title":{"rendered":"Embaixada da \u00cdndia recebe Acharya de Vedanta Jonas Masetti para imers\u00e3o sobre m\u00e1scaras sociais"},"content":{"rendered":"\n<p><strong>Evento acontece no pr\u00f3ximo s\u00e1bado, presencialmente, em Bras\u00edlia, e online para todo o Brasil, e prop\u00f5e uma investiga\u00e7\u00e3o pr\u00e1tica sobre os pap\u00e9is que as pessoas assumem para serem aceitas na sociedade<\/strong><\/p>\n\n\n\n<p>A Embaixada da \u00cdndia, em Bras\u00edlia, sediar\u00e1 no pr\u00f3ximo s\u00e1bado, dia 5 de setembro, a quarta edi\u00e7\u00e3o da Imers\u00e3o Vedanta na Veia, conduzida pelo Acharya Jonas Masetti, um dos principais nomes do Ocidente na divulga\u00e7\u00e3o de Vedanta. Com o tema \u201cRemovendo as M\u00e1scaras\u201d, o encontro ser\u00e1 realizado presencialmente na sede diplom\u00e1tica e transmitido ao vivo para participantes de todo o pa\u00eds. A programa\u00e7\u00e3o acontece das 9h \u00e0s 12h e contar\u00e1 tamb\u00e9m com a participa\u00e7\u00e3o especial do Embaixador da \u00cdndia.<\/p>\n\n\n\n<p>A proposta da imers\u00e3o \u00e9 oferecer uma experi\u00eancia de investiga\u00e7\u00e3o e reflex\u00e3o pr\u00e1tica sobre a busca por aprova\u00e7\u00e3o e o impacto emocional dos pap\u00e9is que as pessoas assumem ao longo da vida e a necessidade de sustentar determinadas imagens para serem aceitas, reconhecidas ou valorizadas.<\/p>\n\n\n\n<p>As inscri\u00e7\u00f5es j\u00e1 est\u00e3o abertas e a participa\u00e7\u00e3o funciona por contribui\u00e7\u00e3o livre, com valores revertidos para a associa\u00e7\u00e3o sem fins lucrativos respons\u00e1vel pela realiza\u00e7\u00e3o do encontro e por projetos sociais como a Pequena Tribo, que atende crian\u00e7as em vulnerabilidade social no contraturno escolar.<\/p>\n\n\n\n<p>A imers\u00e3o ainda prop\u00f5e, \u00e0 luz dos ensinamentos de Vedanta, uma experi\u00eancia pr\u00e1tica de investiga\u00e7\u00e3o sobre a pergunta: quem somos quando n\u00e3o precisamos provar nada para ningu\u00e9m?<\/p>\n\n\n\n<p>Segundo Jonas Masetti, ao longo da vida, muitas pessoas aprendem a sustentar personagens para se adaptar \u00e0s expectativas do mundo. H\u00e1 quem precise ser sempre forte, quem se acostume a fazer todos rirem, quem n\u00e3o consiga demonstrar fragilidade, quem queira parecer espiritualmente evolu\u00eddo, bem-sucedido ou algu\u00e9m que sempre tem as respostas.<\/p>\n\n\n\n<p>\u201cAlgumas dessas m\u00e1scaras acabam sendo confundidas com a pr\u00f3pria personalidade. Mas a personalidade \u00e9 um conjunto de emo\u00e7\u00f5es, hist\u00f3rias que voc\u00ea viveu, coisas que voc\u00ea tem mais facilidade e mais dificuldade. Outra quest\u00e3o \u00e9 que essas m\u00e1scaras nem sempre s\u00e3o percebidas como algo negativo. Muitas vezes, elas surgem disfar\u00e7adas de cuidado, humor, for\u00e7a ou amor. A pessoa diz que faz tudo pelo outro, mas na verdade est\u00e1 exercendo controle. Fala que \u00e9 humor, mas \u00e9 uma fuga emocional. A proposta da imers\u00e3o \u00e9 entender o que nos leva a sustentar essas vers\u00f5es e o que acontece quando deixamos de depender da valida\u00e7\u00e3o externa\u201d, explica.<\/p>\n\n\n\n<p><strong>Uma experi\u00eancia pr\u00e1tica de reflex\u00e3o<\/strong><\/p>\n\n\n\n<p>Com tr\u00eas horas de dura\u00e7\u00e3o, a imers\u00e3o combina o estudo da tradi\u00e7\u00e3o milenar de Vedanta com exerc\u00edcios reflexivos, momentos de escrita e um espa\u00e7o de satsanga, que \u00e9 uma sess\u00e3o dedicada a perguntas e respostas diretas entre os participantes e o Acharya. O objetivo \u00e9 ajudar o p\u00fablico a reconhecer os padr\u00f5es mentais que geram desgaste e desenvolver mais clareza e liberdade interior diante dos desafios nas rela\u00e7\u00f5es.<\/p>\n\n\n\n<p>O tema tamb\u00e9m vem sendo aprofundado em uma s\u00e9rie especial de \u00e1udios no VedantaCast, onde o professor analisa diferentes comportamentos e arqu\u00e9tipos usados para evitar conflitos ou buscar seguran\u00e7a emocional.<\/p>\n\n\n\n<p>Disc\u00edpulo direto de Swami Dayananda Saraswati, Jonas Masetti \u00e9 fundador do Instituto Vishva Vidya, com sede em Petr\u00f3polis (RJ), e um dos principais divulgadores do Vedanta no Ocidente. Em 2025, foi reconhecido pelo Governo da \u00cdndia com o Pr\u00eamio Padma Shri, uma das mais altas honrarias civis do pa\u00eds, por sua contribui\u00e7\u00e3o \u00e0 difus\u00e3o da cultura v\u00e9dica.<\/p>\n\n\n\n<p>A participa\u00e7\u00e3o no evento \u00e9 feita mediante contribui\u00e7\u00e3o volunt\u00e1ria a partir de R$ 5, com acesso id\u00eantico para todos os inscritos. Os participantes do formato online ter\u00e3o acesso \u00e0 grava\u00e7\u00e3o por at\u00e9 15 dias ap\u00f3s o encontro. Informa\u00e7\u00f5es e inscri\u00e7\u00f5es:&nbsp;<a href=\"https:\/\/lp.vedanta.com.br\/4a-imersao-imprensa\" target=\"_blank\" rel=\"noreferrer noopener\">https:\/\/lp.vedanta.com.br\/4a-imersao-imprensa<\/a><\/p>\n\n\n\n<p><strong>4\u00aa Imers\u00e3o Vedanta na Veia<\/strong><\/p>\n\n\n\n<p>Tema: &#8220;Removendo as M\u00e1scaras&#8221;<\/p>\n\n\n\n<p>Data: 5 de setembro de 2026<\/p>\n\n\n\n<p>Hor\u00e1rio: 9h \u00e0s 12h<\/p>\n\n\n\n<p>Formato: Ao vivo, presencial em Bras\u00edlia e online<\/p>\n\n\n\n<p>Mais informa\u00e7\u00f5es e inscri\u00e7\u00f5es:<\/p>\n\n\n\n<figure class=\"wp-block-embed\"><div class=\"wp-block-embed__wrapper\">\nhttps:\/\/lp.vedanta.com.br\/4a-imersao-imprensa\n<\/div><\/figure>\n\n\n\n<p>\u00c1udios di\u00e1rios gratuitos do Vedanta Cast:&nbsp;<a href=\"http:\/\/vedanta.com.br\/podcast\" target=\"_blank\" rel=\"noreferrer noopener\">vedanta.com.br\/podcast<\/a><\/p>\n","protected":false},"excerpt":{"rendered":"<p>Evento acontece no pr\u00f3ximo s\u00e1bado, presencialmente, em Bras\u00edlia, e online para todo o Brasil, e<\/p>\n","protected":false},"author":1,"featured_media":54074,"comment_status":"closed","ping_status":"open","sticky":false,"template":"","format":"standard","meta":{"footnotes":""},"categories":[1],"tags":[],"_links":{"self":[{"href":"https:\/\/jornaldeitaipava.com.br\/index.php\/wp-json\/wp\/v2\/posts\/54073"}],"collection":[{"href":"https:\/\/jornaldeitaipava.com.br\/index.php\/wp-json\/wp\/v2\/posts"}],"about":[{"href":"https:\/\/jornaldeitaipava.com.br\/index.php\/wp-json\/wp\/v2\/types\/post"}],"author":[{"embeddable":true,"href":"https:\/\/jornaldeitaipava.com.br\/index.php\/wp-json\/wp\/v2\/users\/1"}],"replies":[{"embeddable":true,"href":"https:\/\/jornaldeitaipava.com.br\/index.php\/wp-json\/wp\/v2\/comments?post=54073"}],"version-history":[{"count":1,"href":"https:\/\/jornaldeitaipava.com.br\/index.php\/wp-json\/wp\/v2\/posts\/54073\/revisions"}],"predecessor-version":[{"id":54075,"href":"https:\/\/jornaldeitaipava.com.br\/index.php\/wp-json\/wp\/v2\/posts\/54073\/revisions\/54075"}],"wp:featuredmedia":[{"embeddable":true,"href":"https:\/\/jornaldeitaipava.com.br\/index.php\/wp-json\/wp\/v2\/media\/54074"}],"wp:attachment":[{"href":"https:\/\/jornaldeitaipava.com.br\/index.php\/wp-json\/wp\/v2\/media?parent=54073"}],"wp:term":[{"taxonomy":"category","embeddable":true,"href":"https:\/\/jornaldeitaipava.com.br\/index.php\/wp-json\/wp\/v2\/categories?post=54073"},{"taxonomy":"post_tag","embeddable":true,"href":"https:\/\/jornaldeitaipava.com.br\/index.php\/wp-json\/wp\/v2\/tags?post=54073"}],"curies":[{"name":"wp","href":"https:\/\/api.w.org\/{rel}","templated":true}]}}