{"id":54076,"date":"2026-09-02T20:26:06","date_gmt":"2026-09-02T23:26:06","guid":{"rendered":"http:\/\/jornaldeitaipava.com.br\/?p=54076"},"modified":"2026-09-02T20:26:13","modified_gmt":"2026-09-02T23:26:13","slug":"1o-festival-do-vinho-em-areal-abre-oportunidades-para-pequenos-negocios-na-regiao","status":"publish","type":"post","link":"https:\/\/jornaldeitaipava.com.br\/index.php\/2026\/09\/02\/1o-festival-do-vinho-em-areal-abre-oportunidades-para-pequenos-negocios-na-regiao\/","title":{"rendered":"1\u00ba Festival do Vinho em Areal abre oportunidades para pequenos neg\u00f3cios na regi\u00e3o"},"content":{"rendered":"\n<p><em>Espa\u00e7o Sebrae registrou mais de R$ 30 mil em vendas e encomendas e potencial de R$ 50 mil em novos neg\u00f3cios durante evento<\/em><\/p>\n\n\n\n<p>O 1\u00ba Festival do Vinho de Areal, realizado de 28 a 30 de agosto no Parque Julioca, movimentou pequenos neg\u00f3cios e criou novas oportunidades comerciais na regi\u00e3o. Pesquisa do Sebrae Rio com 14 empresas participantes do Espa\u00e7o Sebrae no festival registrou R$ 26.718 em vendas e R$ 6.600 em encomendas confirmadas. Os contatos realizados durante o evento tamb\u00e9m apontam potencial estimado de cerca de R$ 50 mil em novos neg\u00f3cios.<\/p>\n\n\n\n<p>Realizado pela Prefeitura de Areal, com apoio do Sebrae Rio, o Festival reuniu vin\u00edcolas, gastronomia, produtores, artesanato e programa\u00e7\u00e3o cultural e musical. No Espa\u00e7o Sebrae, pequenos neg\u00f3cios da regi\u00e3o comercializaram alimentos, queijos, doces, geleias, produtos artesanais, m\u00f3veis e outras especialidades.<\/p>\n\n\n\n<p>Al\u00e9m das vendas ao p\u00fablico, o evento aproximou empresas que ainda n\u00e3o mantinham rela\u00e7\u00f5es comerciais. Representantes do polo moveleiro de Para\u00edba do Sul, por exemplo, fizeram contatos com vin\u00edcolas interessadas na capacidade de produ\u00e7\u00e3o de m\u00f3veis da regi\u00e3o, abrindo possibilidades de fornecimento para os pr\u00f3ximos meses.<\/p>\n\n\n\n<p>A empreendedora F\u00e1tima Trombini, que trabalha com alimentos veganos, sentiu o resultado ainda durante o Festival. A procura por itens como geleia de pera ao vinho branco e manjeric\u00e3o, queijos veganos e caponata com uva e nozes fez com que ela refor\u00e7asse a produ\u00e7\u00e3o durante o evento.<\/p>\n\n\n\n<p>\u201cFoi um sucesso incr\u00edvel. Teve gente de Tr\u00eas Rios, Levy Gasparian e Para\u00edba do Sul que viu que estar\u00edamos no evento e foi at\u00e9 l\u00e1 para comprar. Tamb\u00e9m tivemos contatos de pessoas de fora, possibilidades de entregas em Petr\u00f3polis, Rio e Niter\u00f3i, al\u00e9m de convites para eventos e parcerias\u201d, relata F\u00e1tima.<\/p>\n\n\n\n<p><strong>P\u00fablico de outras cidades amplia impacto<\/strong><\/p>\n\n\n\n<p>A presen\u00e7a de visitantes de outros munic\u00edpios tamb\u00e9m refor\u00e7ou o potencial tur\u00edstico do Festival. Segundo a percep\u00e7\u00e3o dos organizadores, cerca de 60% do p\u00fablico veio de fora de Areal, incluindo visitantes do Centro-Sul Fluminense, da Regi\u00e3o Serrana e da capital.<\/p>\n\n\n\n<p>Para o Sebrae Rio, esse fluxo amplia os efeitos econ\u00f4micos do evento, alcan\u00e7ando n\u00e3o apenas os expositores, mas tamb\u00e9m atividades ligadas ao com\u00e9rcio, aos servi\u00e7os, \u00e0 gastronomia e ao turismo.<\/p>\n\n\n\n<p>\u201cQuando decidimos apoiar um evento como esse, n\u00e3o olhamos apenas para os tr\u00eas dias de programa\u00e7\u00e3o. Um evento capaz de trazer visitantes de outras cidades movimenta diferentes atividades econ\u00f4micas e cria oportunidades para os pequenos neg\u00f3cios. As vendas s\u00e3o importantes, mas os contatos entre empresas e as possibilidades de neg\u00f3cios que surgiram mostram que o impacto pode continuar muito depois do encerramento do evento\u201d, destaca Jorge Pinho, coordenador do Sebrae Rio no Centro-Sul Fluminense.<\/p>\n\n\n\n<p>Em um momento de expans\u00e3o da vitivinicultura e do enoturismo em Areal e na regi\u00e3o, a primeira edi\u00e7\u00e3o do Festival mostrou potencial para integrar vinho, gastronomia, turismo e pequenos neg\u00f3cios, ampliando o mercado para empreendedores locais e fortalecendo a atividade econ\u00f4mica no territ\u00f3rio.<\/p>\n","protected":false},"excerpt":{"rendered":"<p>Espa\u00e7o Sebrae registrou mais de R$ 30 mil em vendas e encomendas e potencial de<\/p>\n","protected":false},"author":1,"featured_media":54077,"comment_status":"closed","ping_status":"open","sticky":false,"template":"","format":"standard","meta":{"footnotes":""},"categories":[42],"tags":[],"_links":{"self":[{"href":"https:\/\/jornaldeitaipava.com.br\/index.php\/wp-json\/wp\/v2\/posts\/54076"}],"collection":[{"href":"https:\/\/jornaldeitaipava.com.br\/index.php\/wp-json\/wp\/v2\/posts"}],"about":[{"href":"https:\/\/jornaldeitaipava.com.br\/index.php\/wp-json\/wp\/v2\/types\/post"}],"author":[{"embeddable":true,"href":"https:\/\/jornaldeitaipava.com.br\/index.php\/wp-json\/wp\/v2\/users\/1"}],"replies":[{"embeddable":true,"href":"https:\/\/jornaldeitaipava.com.br\/index.php\/wp-json\/wp\/v2\/comments?post=54076"}],"version-history":[{"count":1,"href":"https:\/\/jornaldeitaipava.com.br\/index.php\/wp-json\/wp\/v2\/posts\/54076\/revisions"}],"predecessor-version":[{"id":54078,"href":"https:\/\/jornaldeitaipava.com.br\/index.php\/wp-json\/wp\/v2\/posts\/54076\/revisions\/54078"}],"wp:featuredmedia":[{"embeddable":true,"href":"https:\/\/jornaldeitaipava.com.br\/index.php\/wp-json\/wp\/v2\/media\/54077"}],"wp:attachment":[{"href":"https:\/\/jornaldeitaipava.com.br\/index.php\/wp-json\/wp\/v2\/media?parent=54076"}],"wp:term":[{"taxonomy":"category","embeddable":true,"href":"https:\/\/jornaldeitaipava.com.br\/index.php\/wp-json\/wp\/v2\/categories?post=54076"},{"taxonomy":"post_tag","embeddable":true,"href":"https:\/\/jornaldeitaipava.com.br\/index.php\/wp-json\/wp\/v2\/tags?post=54076"}],"curies":[{"name":"wp","href":"https:\/\/api.w.org\/{rel}","templated":true}]}}