{"id":54079,"date":"2026-09-02T20:27:34","date_gmt":"2026-09-02T23:27:34","guid":{"rendered":"http:\/\/jornaldeitaipava.com.br\/?p=54079"},"modified":"2026-09-02T20:27:37","modified_gmt":"2026-09-02T23:27:37","slug":"musica-na-casa-stefan-zweig-jean-charnaux-violao-apresenta-o-show-pe-de-cabra","status":"publish","type":"post","link":"https:\/\/jornaldeitaipava.com.br\/index.php\/2026\/09\/02\/musica-na-casa-stefan-zweig-jean-charnaux-violao-apresenta-o-show-pe-de-cabra\/","title":{"rendered":"M\u00fasica na CASA Stefan Zweig: Jean Charnaux (viol\u00e3o) apresenta o show P\u00e9 de Cabra"},"content":{"rendered":"\n<p>Jean Charnaux, um dos grandes nomes do viol\u00e3o brasileiro atual, sobe a serra neste s\u00e1bado, 5 de setembro de 2026, para apresentar o seu trabalho mais recente, o show P\u00e9 de Cabra. O espet\u00e1culo re\u00fane composi\u00e7\u00f5es autorais para viol\u00e3o solo, marcadas pela presen\u00e7a intensa da brasilidade e seus ritmos e melodias.<br>O repert\u00f3rio traz obras do novo \u00e1lbum (2025) e releituras de temas dos discos Matrizes (2014) e Inquieto (2021), criando um di\u00e1logo natural entre tradi\u00e7\u00e3o e modernidade. A combina\u00e7\u00e3o de elementos do choro, samba, bai\u00e3o e forr\u00f3 conduz o p\u00fablico a uma experi\u00eancia profunda pela hist\u00f3ria musical do Brasil, celebrando as diversas matrizes culturais que definem nossa identidade sonora.<br>Sobre Jean Charnaux: Com dois \u00e1lbuns solo e cinco projetos em duo, foi finalista do 26o Pr\u00eamio da M\u00fasica Brasileira e conquistou o 2o lugar no Concurso da R\u00e1dio MEC. J\u00e1 seapresentou em mais de 10 pa\u00edses, dividindo o palco com renomados artistas como Guinga, Jo\u00e3o Bosco, Ana Carolina, Em\u00edlio Santiago, Z\u00e9lia Duncan e F\u00e1tima Guedes.<br>A Casa Stefan Zweig \u00e9 uma entidade cultural de direito privado, sem fins lucrativos, cujo principal objetivo \u00e9 homenagear a mem\u00f3ria de Stefan Zweig na casa que serviu de \u00faltima morada para o escritor e sua mulher. O museu \u00e9 tamb\u00e9m um Memorial do Ex\u00edlio, destinado a divulgar as obras de outros artistas, intelectuais e cientistas que se refugiaram no Brasil durante no per\u00edodo 1933-1945 e que contribu\u00edram para a cultura, as artes e a ci\u00eancia do pa\u00eds.<br>Os concertos da s\u00e9rie M\u00fasica na Casa Stefan Zweig acontecem normalmente todo primeiro s\u00e1bado do m\u00eas e s\u00e3o patrocinados por meio da Lei Federal de Incentivo \u00e0 Cultura (Lei Rouanet). Este m\u00eas, excepcionalmente, haver\u00e1 mais uma atra\u00e7\u00e3o musical no s\u00e1bado 26\/9, \u00e0s 11h, com o duo Marcelo Coutinho (bar\u00edtono) e Marco Aur\u00e9lio Lischt (piano) celebrando 50 anos de carreira.<\/p>\n\n\n\n<p><strong>Servi\u00e7o:<br><\/strong>Jean Charnaux: P\u00e9 de Cabra<br>S\u00e1bado, 5 de setembro de 2026, 11h<br>Rua Gon\u00e7alves Dias, 34, Valpara\u00edso (pr\u00f3ximo \u00e0s Duas Pontes)<br>Entrada franca<\/p>\n","protected":false},"excerpt":{"rendered":"<p>Jean Charnaux, um dos grandes nomes do viol\u00e3o brasileiro atual, sobe a serra neste s\u00e1bado,<\/p>\n","protected":false},"author":1,"featured_media":33608,"comment_status":"closed","ping_status":"open","sticky":false,"template":"","format":"standard","meta":{"footnotes":""},"categories":[1],"tags":[],"_links":{"self":[{"href":"https:\/\/jornaldeitaipava.com.br\/index.php\/wp-json\/wp\/v2\/posts\/54079"}],"collection":[{"href":"https:\/\/jornaldeitaipava.com.br\/index.php\/wp-json\/wp\/v2\/posts"}],"about":[{"href":"https:\/\/jornaldeitaipava.com.br\/index.php\/wp-json\/wp\/v2\/types\/post"}],"author":[{"embeddable":true,"href":"https:\/\/jornaldeitaipava.com.br\/index.php\/wp-json\/wp\/v2\/users\/1"}],"replies":[{"embeddable":true,"href":"https:\/\/jornaldeitaipava.com.br\/index.php\/wp-json\/wp\/v2\/comments?post=54079"}],"version-history":[{"count":1,"href":"https:\/\/jornaldeitaipava.com.br\/index.php\/wp-json\/wp\/v2\/posts\/54079\/revisions"}],"predecessor-version":[{"id":54080,"href":"https:\/\/jornaldeitaipava.com.br\/index.php\/wp-json\/wp\/v2\/posts\/54079\/revisions\/54080"}],"wp:featuredmedia":[{"embeddable":true,"href":"https:\/\/jornaldeitaipava.com.br\/index.php\/wp-json\/wp\/v2\/media\/33608"}],"wp:attachment":[{"href":"https:\/\/jornaldeitaipava.com.br\/index.php\/wp-json\/wp\/v2\/media?parent=54079"}],"wp:term":[{"taxonomy":"category","embeddable":true,"href":"https:\/\/jornaldeitaipava.com.br\/index.php\/wp-json\/wp\/v2\/categories?post=54079"},{"taxonomy":"post_tag","embeddable":true,"href":"https:\/\/jornaldeitaipava.com.br\/index.php\/wp-json\/wp\/v2\/tags?post=54079"}],"curies":[{"name":"wp","href":"https:\/\/api.w.org\/{rel}","templated":true}]}}