{"id":54089,"date":"2026-09-02T20:35:36","date_gmt":"2026-09-02T23:35:36","guid":{"rendered":"http:\/\/jornaldeitaipava.com.br\/?p=54089"},"modified":"2026-09-02T20:36:12","modified_gmt":"2026-09-02T23:36:12","slug":"prefeito-hingo-hammes-participa-da-reuniao-do-governo-federal-sobre-os-efeitos-climaticos-do-el-nino","status":"publish","type":"post","link":"https:\/\/jornaldeitaipava.com.br\/index.php\/2026\/09\/02\/prefeito-hingo-hammes-participa-da-reuniao-do-governo-federal-sobre-os-efeitos-climaticos-do-el-nino\/","title":{"rendered":"Hingo Hammes participa da reuni\u00e3o do Governo Federal sobre os efeitos clim\u00e1ticos do El Ni\u00f1o"},"content":{"rendered":"\n<p>O prefeito Hingo Hammes participou nesta quarta-feira (2\/9) da reuni\u00e3o do Governo Federal sobre os efeitos clim\u00e1ticos do El Ni\u00f1o, onde foi apresentado o Painel El Ni\u00f1o com informa\u00e7\u00f5es para apoiar o planejamento e a atua\u00e7\u00e3o das prefeituras. O encontro foi on-line e reuniu prefeitos e especialistas de diversas cidades.<\/p>\n\n\n\n<p>\u201cEstamos atentos a quest\u00e3o do El Ni\u00f1o, nos preparando para os desafios que esse fen\u00f4meno traz para a nossa regi\u00e3o, principalmente para os pr\u00f3ximos meses quando o El Ni\u00f1o deve estar mais forte. Entre as nossas a\u00e7\u00f5es, criamos o Comit\u00ea de Enfrentamento aos Efeitos do El Ni\u00f1o para articular, integrar e acompanhar as a\u00e7\u00f5es, n\u00e3o apenas da Prefeitura, mas tamb\u00e9m de outras institui\u00e7\u00f5es que atuam nas respostas a situa\u00e7\u00f5es de emerg\u00eancia\u201d, disse o prefeito Hingo Hammes.<\/p>\n\n\n\n<p>Hingo Hammes tamb\u00e9m solicitou do Governo Federal mais apoio financeiro, por meio do Fundo de Meio Ambiente, para as a\u00e7\u00f5es desenvolvidas pelos munic\u00edpios. &#8220;Al\u00e9m da articula\u00e7\u00e3o, \u00e9 muito importante a ajuda financeira por parte do Governo Federal para que os munic\u00edpios possam ter mais mecanismos para enfrentar os efeitos do fen\u00f4meno clim\u00e1tico&#8221;, ressaltou o prefeito.<\/p>\n\n\n\n<p>Durante a reuni\u00e3o, o Governo Federal ressaltou que as proje\u00e7\u00f5es clim\u00e1ticas indicam a manuten\u00e7\u00e3o e a intensifica\u00e7\u00e3o do fen\u00f4meno El Ni\u00f1o ao longo de 2026, com elevada probabilidade que atinja intensidade muito forte entre a primavera e o in\u00edcio do ver\u00e3o. Esse cen\u00e1rio aumenta a probabilidade de ocorr\u00eancia de impactos hidrometeorol\u00f3gicos em diferentes regi\u00f5es do Brasil \u2013 como per\u00edodos longos de estiagem, ondas de calor e chuvas mais intensas.<\/p>\n\n\n\n<p>\u201cDesde o segundo trimestre do ano, estamos realizando a\u00e7\u00f5es de prepara\u00e7\u00e3o para os efeitos do El Ni\u00f1o. Estamos com o Plano Inverno em vig\u00eancia, com foco nos per\u00edodos de estiagem e maior ocorr\u00eancia de inc\u00eandios florestais. Al\u00e9m disso, j\u00e1 estamos preparando o Plano Ver\u00e3o 2026-2027, que tamb\u00e9m, em conjunto com outras entidades de resposta, vai focar nas a\u00e7\u00f5es de enfrentamento aos efeitos do El Ni\u00f1o\u201d, comentou o secret\u00e1rio de Prote\u00e7\u00e3o e Defesa Civil, Guilherme Moraes.<\/p>\n","protected":false},"excerpt":{"rendered":"<p>O prefeito Hingo Hammes participou nesta quarta-feira (2\/9) da reuni\u00e3o do Governo Federal sobre os<\/p>\n","protected":false},"author":1,"featured_media":54090,"comment_status":"closed","ping_status":"open","sticky":false,"template":"","format":"standard","meta":{"footnotes":""},"categories":[24],"tags":[],"_links":{"self":[{"href":"https:\/\/jornaldeitaipava.com.br\/index.php\/wp-json\/wp\/v2\/posts\/54089"}],"collection":[{"href":"https:\/\/jornaldeitaipava.com.br\/index.php\/wp-json\/wp\/v2\/posts"}],"about":[{"href":"https:\/\/jornaldeitaipava.com.br\/index.php\/wp-json\/wp\/v2\/types\/post"}],"author":[{"embeddable":true,"href":"https:\/\/jornaldeitaipava.com.br\/index.php\/wp-json\/wp\/v2\/users\/1"}],"replies":[{"embeddable":true,"href":"https:\/\/jornaldeitaipava.com.br\/index.php\/wp-json\/wp\/v2\/comments?post=54089"}],"version-history":[{"count":2,"href":"https:\/\/jornaldeitaipava.com.br\/index.php\/wp-json\/wp\/v2\/posts\/54089\/revisions"}],"predecessor-version":[{"id":54092,"href":"https:\/\/jornaldeitaipava.com.br\/index.php\/wp-json\/wp\/v2\/posts\/54089\/revisions\/54092"}],"wp:featuredmedia":[{"embeddable":true,"href":"https:\/\/jornaldeitaipava.com.br\/index.php\/wp-json\/wp\/v2\/media\/54090"}],"wp:attachment":[{"href":"https:\/\/jornaldeitaipava.com.br\/index.php\/wp-json\/wp\/v2\/media?parent=54089"}],"wp:term":[{"taxonomy":"category","embeddable":true,"href":"https:\/\/jornaldeitaipava.com.br\/index.php\/wp-json\/wp\/v2\/categories?post=54089"},{"taxonomy":"post_tag","embeddable":true,"href":"https:\/\/jornaldeitaipava.com.br\/index.php\/wp-json\/wp\/v2\/tags?post=54089"}],"curies":[{"name":"wp","href":"https:\/\/api.w.org\/{rel}","templated":true}]}}