{"id":54093,"date":"2026-09-02T20:37:03","date_gmt":"2026-09-02T23:37:03","guid":{"rendered":"http:\/\/jornaldeitaipava.com.br\/?p=54093"},"modified":"2026-09-02T20:37:07","modified_gmt":"2026-09-02T23:37:07","slug":"3o-edicao-do-felieja-premia-producoes-de-estudantes-no-palacio-de-cristal","status":"publish","type":"post","link":"https:\/\/jornaldeitaipava.com.br\/index.php\/2026\/09\/02\/3o-edicao-do-felieja-premia-producoes-de-estudantes-no-palacio-de-cristal\/","title":{"rendered":"3\u00ba edi\u00e7\u00e3o do FeLiEJA premia produ\u00e7\u00f5es de estudantes no Pal\u00e1cio de Cristal"},"content":{"rendered":"\n<p>Festival reuniu cordel, poema e prosa e homenageou a professora Rosane Karl<\/p>\n\n\n\n<p>Textos escritos nas turmas da Educa\u00e7\u00e3o de Jovens e Adultos (EJA) ganharam espa\u00e7o no Pal\u00e1cio de Cristal, nesta ter\u00e7a-feira (1\/9). A 3\u00aa edi\u00e7\u00e3o do Festival Liter\u00e1rio da EJA (FeLiEJA), promovida pela Prefeitura de Petr\u00f3polis, reuniu estudantes e profissionais da rede municipal para a premia\u00e7\u00e3o nas categorias cordel, poema e prosa. A noite tamb\u00e9m homenageou a professora doutora Rosane Karl por sua trajet\u00f3ria na educa\u00e7\u00e3o p\u00fablica e pelo trabalho desenvolvido na rede municipal.<\/p>\n\n\n\n<p>As obras partiram de lembran\u00e7as, experi\u00eancias, lugares e situa\u00e7\u00f5es que fazem parte da vida dos estudantes. O processo envolveu leitura, escolha do g\u00eanero, escrita e revis\u00e3o, com a orienta\u00e7\u00e3o dos professores nas unidades de ensino.<\/p>\n\n\n\n<p>\u201cA EJA re\u00fane pessoas que chegam \u00e0 escola com repert\u00f3rios constru\u00eddos no trabalho, na fam\u00edlia e na comunidade. Quando essas viv\u00eancias passam para o papel, o estudante percebe que sua hist\u00f3ria tamb\u00e9m produz conhecimento. O FeLiEJA reconhece essa autoria e d\u00e1 ao exerc\u00edcio da leitura e da escrita um sentido que vai al\u00e9m da avalia\u00e7\u00e3o em sala de aula\u201d, afirmou a secret\u00e1ria de Educa\u00e7\u00e3o, Ana Carolina Kapler.<\/p>\n\n\n\n<p>Na categoria cordel das fases iniciais, do 1\u00ba ao 5\u00ba per\u00edodo, o primeiro lugar ficou com \u201cCordel do amor iluminado\u201d, de Luciana Gonzaga da Silva, aluna da Escola Municipal Professora Maria Campos da Silva. A produ\u00e7\u00e3o teve orienta\u00e7\u00e3o do professor Andr\u00e9 Luis Costa Caboclo.<\/p>\n\n\n\n<p>Entre as fases finais, do 6\u00ba ao 9\u00ba per\u00edodo, Lucas de Almeida Teixeira, da Escola Municipal Bataillard, venceu na categoria cordel com \u201cCordel dos nossos sonhos\u201d, sob orienta\u00e7\u00e3o da professora Raquel Paix\u00e3o de S\u00e1. Em poema, o primeiro lugar foi para \u201cMinha vida, meu lugar\u201d, de Marleite dos Santos, da Escola Municipal Professora Maria Campos da Silva, orientada pelo professor Jhone Carlos Santos da Cruz.<\/p>\n\n\n\n<p>A Escola Maria Campos tamb\u00e9m conquistou a primeira coloca\u00e7\u00e3o em prosa. Maria Aparecida Vieira venceu com \u201cSou o fruto amadurecido pelo tempo\u201d, trabalho desenvolvido com o acompanhamento do professor Jhone Carlos Santos da Cruz.<\/p>\n\n\n\n<p>\u201cA produ\u00e7\u00e3o come\u00e7a muito antes da cerim\u00f4nia. Cada obra passa por conversas, escolhas, escrita, releitura e mudan\u00e7as at\u00e9 chegar \u00e0 vers\u00e3o apresentada. O professor acompanha esse caminho, mas a voz preservada \u00e9 a do aluno. O festival permite que pessoas com percursos diferentes se reconhe\u00e7am como autoras e compartilhem aquilo que pensam, recordam e observam\u201d, explicou a subsecret\u00e1ria de Educa\u00e7\u00e3o, Raquel de Le\u00e3o.<\/p>\n\n\n\n<p>A homenagem do ano foi dedicada \u00e0 professora doutora Rosane Karl, que integrou a rede municipal e esteve \u00e0 frente da EJA. Sua atua\u00e7\u00e3o foi marcada pelo di\u00e1logo com estudantes e educadores e pela defesa de uma modalidade capaz de considerar diferentes tempos de aprendizagem e hist\u00f3rias de vida. A professora se aposentou em 2025, ap\u00f3s uma trajet\u00f3ria ligada ao ensino, \u00e0 forma\u00e7\u00e3o de profissionais e \u00e0 constru\u00e7\u00e3o de projetos para a EJA.<\/p>\n\n\n\n<p>\u201cReceber essa homenagem em um festival constru\u00eddo a partir das palavras dos estudantes tem um significado especial para mim. A EJA me ensinou que nenhuma trajet\u00f3ria escolar pode ser vista de forma isolada. Cada pessoa chega \u00e0 sala de aula com saberes, interrup\u00e7\u00f5es, recome\u00e7os e projetos. Ver esses alunos assumirem a autoria de seus textos e ocuparem o Pal\u00e1cio de Cristal \u00e9 tamb\u00e9m reconhecer tudo o que eles carregam e ainda desejam construir\u201d, disse Rosane Karl<\/p>\n","protected":false},"excerpt":{"rendered":"<p>Festival reuniu cordel, poema e prosa e homenageou a professora Rosane Karl Textos escritos nas<\/p>\n","protected":false},"author":1,"featured_media":54094,"comment_status":"closed","ping_status":"open","sticky":false,"template":"","format":"standard","meta":{"footnotes":""},"categories":[1],"tags":[],"_links":{"self":[{"href":"https:\/\/jornaldeitaipava.com.br\/index.php\/wp-json\/wp\/v2\/posts\/54093"}],"collection":[{"href":"https:\/\/jornaldeitaipava.com.br\/index.php\/wp-json\/wp\/v2\/posts"}],"about":[{"href":"https:\/\/jornaldeitaipava.com.br\/index.php\/wp-json\/wp\/v2\/types\/post"}],"author":[{"embeddable":true,"href":"https:\/\/jornaldeitaipava.com.br\/index.php\/wp-json\/wp\/v2\/users\/1"}],"replies":[{"embeddable":true,"href":"https:\/\/jornaldeitaipava.com.br\/index.php\/wp-json\/wp\/v2\/comments?post=54093"}],"version-history":[{"count":1,"href":"https:\/\/jornaldeitaipava.com.br\/index.php\/wp-json\/wp\/v2\/posts\/54093\/revisions"}],"predecessor-version":[{"id":54095,"href":"https:\/\/jornaldeitaipava.com.br\/index.php\/wp-json\/wp\/v2\/posts\/54093\/revisions\/54095"}],"wp:featuredmedia":[{"embeddable":true,"href":"https:\/\/jornaldeitaipava.com.br\/index.php\/wp-json\/wp\/v2\/media\/54094"}],"wp:attachment":[{"href":"https:\/\/jornaldeitaipava.com.br\/index.php\/wp-json\/wp\/v2\/media?parent=54093"}],"wp:term":[{"taxonomy":"category","embeddable":true,"href":"https:\/\/jornaldeitaipava.com.br\/index.php\/wp-json\/wp\/v2\/categories?post=54093"},{"taxonomy":"post_tag","embeddable":true,"href":"https:\/\/jornaldeitaipava.com.br\/index.php\/wp-json\/wp\/v2\/tags?post=54093"}],"curies":[{"name":"wp","href":"https:\/\/api.w.org\/{rel}","templated":true}]}}