{"id":54103,"date":"2026-09-03T19:30:43","date_gmt":"2026-09-03T22:30:43","guid":{"rendered":"http:\/\/jornaldeitaipava.com.br\/?p=54103"},"modified":"2026-09-03T19:30:46","modified_gmt":"2026-09-03T22:30:46","slug":"estado-e-uniao-firmam-parceria-para-ampliar-seguranca-e-fortalecer-retomada-de-territorios-no-rio","status":"publish","type":"post","link":"https:\/\/jornaldeitaipava.com.br\/index.php\/2026\/09\/03\/estado-e-uniao-firmam-parceria-para-ampliar-seguranca-e-fortalecer-retomada-de-territorios-no-rio\/","title":{"rendered":"Estado e Uni\u00e3o firmam parceria para ampliar seguran\u00e7a e fortalecer retomada de territ\u00f3rios no Rio"},"content":{"rendered":"\n<p><strong>Acordos preveem atua\u00e7\u00e3o integrada contra o crime organizado, prote\u00e7\u00e3o de corredores estrat\u00e9gicos e presen\u00e7a permanente do poder p\u00fablico nas \u00e1reas priorizadas<\/strong><\/p>\n\n\n\n<p>O Governo do Estado do Rio de Janeiro e o Minist\u00e9rio da Justi\u00e7a e Seguran\u00e7a P\u00fablica assinaram, nesta quinta-feira (03\/09), dois Acordos de Coopera\u00e7\u00e3o T\u00e9cnica (ACTs) para ampliar a integra\u00e7\u00e3o entre as for\u00e7as estaduais e federais no enfrentamento ao crime organizado. A iniciativa refor\u00e7a a seguran\u00e7a p\u00fablica por meio da retomada de territ\u00f3rios, da prote\u00e7\u00e3o de corredores estrat\u00e9gicos e do fortalecimento da presen\u00e7a permanente do Estado em \u00e1reas sob influ\u00eancia de organiza\u00e7\u00f5es criminosas.<\/p>\n\n\n\n<p>Os documentos foram assinados pelo governador em exerc\u00edcio, desembargador Ricardo Couto, e pelo ministro da Justi\u00e7a e Seguran\u00e7a P\u00fablica, Wellington C\u00e9sar Lima e Silva. Um dos acordos estabelece a coopera\u00e7\u00e3o entre Uni\u00e3o e Estado para fortalecer a Pol\u00edtica Estadual de Reocupa\u00e7\u00e3o Territorial. O outro cria uma estrat\u00e9gia integrada para ampliar a seguran\u00e7a nos principais corredores log\u00edsticos do estado.<\/p>\n\n\n\n<p>A parceria inclui compartilhamento de informa\u00e7\u00f5es, intelig\u00eancia territorial, apoio operacional e integra\u00e7\u00e3o de tecnologias, al\u00e9m de iniciativas voltadas ao enfraquecimento das estruturas financeiras e patrimoniais utilizadas pelo crime organizado.<\/p>\n\n\n\n<p>\u2014 Seguran\u00e7a p\u00fablica \u00e9 um servi\u00e7o essencial \u00e0 popula\u00e7\u00e3o e exige a coopera\u00e7\u00e3o entre todas as institui\u00e7\u00f5es. A parceria entre o Estado e a Uni\u00e3o amplia nossa capacidade de atua\u00e7\u00e3o, com mais intelig\u00eancia, tecnologia e integra\u00e7\u00e3o, para fortalecer a presen\u00e7a do poder p\u00fablico onde a popula\u00e7\u00e3o mais precisa. O objetivo \u00e9 melhorar a vida das pessoas, levando mais seguran\u00e7a e presen\u00e7a do Estado aos territ\u00f3rios \u2014 declarou o governador em exerc\u00edcio.<\/p>\n\n\n\n<p>Os acordos tamb\u00e9m ampliam a integra\u00e7\u00e3o entre as for\u00e7as de seguran\u00e7a estaduais e federais, com o compartilhamento de informa\u00e7\u00f5es e o uso de plataformas de intelig\u00eancia. A coopera\u00e7\u00e3o poder\u00e1 envolver estruturas especializadas da For\u00e7a Nacional de Seguran\u00e7a P\u00fablica, Pol\u00edcia Federal, Pol\u00edcia Rodovi\u00e1ria Federal e Pol\u00edcia Penal Federal, respeitadas as compet\u00eancias de cada institui\u00e7\u00e3o.<\/p>\n\n\n\n<p>Est\u00e1 prevista ainda a integra\u00e7\u00e3o entre os sistemas penitenci\u00e1rios federal e estadual, com interc\u00e2mbio de informa\u00e7\u00f5es e protocolos voltados ao isolamento de lideran\u00e7as criminosas e \u00e0 interrup\u00e7\u00e3o da comunica\u00e7\u00e3o entre integrantes presos e organiza\u00e7\u00f5es que atuam nos territ\u00f3rios.<\/p>\n\n\n\n<ul>\n<li>Essa \u00e9 uma coopera\u00e7\u00e3o federativa no sentido pleno: o Estado define suas prioridades territoriais, e a Uni\u00e3o coloca \u00e0 disposi\u00e7\u00e3o suas capacidades operacionais, de intelig\u00eancia e de investiga\u00e7\u00e3o patrimonial &#8211; afirmou o ministro da Justi\u00e7a e Seguran\u00e7a P\u00fablica, Wellington C\u00e9sar Lima e Silva.<\/li>\n<\/ul>\n\n\n\n<p><strong>Atua\u00e7\u00e3o nos territ\u00f3rios e combate financeiro ao crime<\/strong><\/p>\n\n\n\n<p>Um dos principais objetivos \u00e9 fortalecer a presen\u00e7a permanente do poder p\u00fablico nos territ\u00f3rios priorizados, por meio da integra\u00e7\u00e3o de pol\u00edticas de infraestrutura, desenvolvimento social, desenvolvimento econ\u00f4mico e acesso \u00e0 Justi\u00e7a.<\/p>\n\n\n\n<p>A implementa\u00e7\u00e3o ser\u00e1 orientada por Planos T\u00e1ticos de Reocupa\u00e7\u00e3o Territorial, coordenados pelo Governo do Estado. A iniciativa contempla ainda a\u00e7\u00f5es de documenta\u00e7\u00e3o civil, atendimento a v\u00edtimas, prote\u00e7\u00e3o de grupos vulner\u00e1veis e amplia\u00e7\u00e3o da oferta de servi\u00e7os p\u00fablicos essenciais nas \u00e1reas contempladas.<\/p>\n\n\n\n<p>O combate \u00e0s estruturas econ\u00f4micas utilizadas por organiza\u00e7\u00f5es criminosas tamb\u00e9m faz parte da coopera\u00e7\u00e3o entre Estado e Uni\u00e3o, com a\u00e7\u00f5es de intelig\u00eancia financeira e patrimonial. Para isso, o acordo inclui articula\u00e7\u00e3o com institui\u00e7\u00f5es como Receita Federal, Conselho de Controle de Atividades Financeiras (Coaf), Banco Central e ag\u00eancias reguladoras para identificar, bloquear e recuperar ativos ligados ao crime organizado, enfraquecendo fontes de financiamento dessas organiza\u00e7\u00f5es.<\/p>\n\n\n\n<p>Prote\u00e7\u00e3o dos corredores estrat\u00e9g<\/p>\n","protected":false},"excerpt":{"rendered":"<p>Acordos preveem atua\u00e7\u00e3o integrada contra o crime organizado, prote\u00e7\u00e3o de corredores estrat\u00e9gicos e presen\u00e7a permanente<\/p>\n","protected":false},"author":1,"featured_media":54104,"comment_status":"closed","ping_status":"open","sticky":false,"template":"","format":"standard","meta":{"footnotes":""},"categories":[24],"tags":[],"_links":{"self":[{"href":"https:\/\/jornaldeitaipava.com.br\/index.php\/wp-json\/wp\/v2\/posts\/54103"}],"collection":[{"href":"https:\/\/jornaldeitaipava.com.br\/index.php\/wp-json\/wp\/v2\/posts"}],"about":[{"href":"https:\/\/jornaldeitaipava.com.br\/index.php\/wp-json\/wp\/v2\/types\/post"}],"author":[{"embeddable":true,"href":"https:\/\/jornaldeitaipava.com.br\/index.php\/wp-json\/wp\/v2\/users\/1"}],"replies":[{"embeddable":true,"href":"https:\/\/jornaldeitaipava.com.br\/index.php\/wp-json\/wp\/v2\/comments?post=54103"}],"version-history":[{"count":1,"href":"https:\/\/jornaldeitaipava.com.br\/index.php\/wp-json\/wp\/v2\/posts\/54103\/revisions"}],"predecessor-version":[{"id":54105,"href":"https:\/\/jornaldeitaipava.com.br\/index.php\/wp-json\/wp\/v2\/posts\/54103\/revisions\/54105"}],"wp:featuredmedia":[{"embeddable":true,"href":"https:\/\/jornaldeitaipava.com.br\/index.php\/wp-json\/wp\/v2\/media\/54104"}],"wp:attachment":[{"href":"https:\/\/jornaldeitaipava.com.br\/index.php\/wp-json\/wp\/v2\/media?parent=54103"}],"wp:term":[{"taxonomy":"category","embeddable":true,"href":"https:\/\/jornaldeitaipava.com.br\/index.php\/wp-json\/wp\/v2\/categories?post=54103"},{"taxonomy":"post_tag","embeddable":true,"href":"https:\/\/jornaldeitaipava.com.br\/index.php\/wp-json\/wp\/v2\/tags?post=54103"}],"curies":[{"name":"wp","href":"https:\/\/api.w.org\/{rel}","templated":true}]}}