{"id":54106,"date":"2026-09-03T19:33:37","date_gmt":"2026-09-03T22:33:37","guid":{"rendered":"http:\/\/jornaldeitaipava.com.br\/?p=54106"},"modified":"2026-09-03T19:33:40","modified_gmt":"2026-09-03T22:33:40","slug":"fred-procopio-defende-maior-participacao-do-estado-na-prevencao-de-desastres-climaticos","status":"publish","type":"post","link":"https:\/\/jornaldeitaipava.com.br\/index.php\/2026\/09\/03\/fred-procopio-defende-maior-participacao-do-estado-na-prevencao-de-desastres-climaticos\/","title":{"rendered":"Fred Proc\u00f3pio defende maior participa\u00e7\u00e3o do Estado na preven\u00e7\u00e3o de desastres clim\u00e1ticos"},"content":{"rendered":"\n<p><strong>Candidato a deputado estadual prop\u00f5e aumento do investimento em obras de mitiga\u00e7\u00e3o<\/strong><\/p>\n\n\n\n<p>Preparar as cidades do estado do Rio de Janeiro para o enfrentamento da emerg\u00eancia clim\u00e1tica \u00e9 a prioridade do candidato a deputado estadual Fred Proc\u00f3pio. Com dez anos de vida p\u00fablica, oito dos quais dedicados a mandatos de vereador na C\u00e2mara Municipal de Petr\u00f3polis, Fred possui ampla experi\u00eancia na legisla\u00e7\u00e3o ambiental e urbana. Atuou na linha de frente em resposta \u00e0 trag\u00e9dia das chuvas na cidade serrana, em 2022, e tem como principal bandeira tornar o territ\u00f3rio fluminense uma refer\u00eancia na preven\u00e7\u00e3o de desastres.<\/p>\n\n\n\n<p>\u201cPetr\u00f3polis e Angra dos Reis s\u00e3o hoje as localidades com maior risco de cat\u00e1strofes clim\u00e1ticas, mas n\u00e3o s\u00e3o as \u00fanicas. Os munic\u00edpios da Baixada, por exemplo, sofrem com alagamentos e inunda\u00e7\u00f5es em todos os ver\u00f5es. Os eventos dos \u00faltimos anos nos mostram que ainda n\u00e3o estamos preparados para evitar perdas e, principalmente, mortes em decorr\u00eancia do agravamento clim\u00e1tico. A gest\u00e3o estadual precisa investir e atuar diretamente nas regi\u00f5es, apoiando as prefeituras nas a\u00e7\u00f5es de mitiga\u00e7\u00e3o de riscos\u201d, disse Fred.<\/p>\n\n\n\n<p>Entre as propostas que pretende apresentar na Alerj, est\u00e1 o aumento do or\u00e7amento destinado a projetos de infraestrutura voltados \u00e0 seguran\u00e7a urbana. Como vereador, Fred foi coautor da emenda \u00e0 Lei Org\u00e2nica de Petr\u00f3polis que obriga a Prefeitura a destinar 2% (dois por cento) do or\u00e7amento anual a a\u00e7\u00f5es preventivas. A medida, que entrou em vigor em 2023, representou uma inje\u00e7\u00e3o de recursos e viabilizou diversas interven\u00e7\u00f5es de reconstru\u00e7\u00e3o de encostas e muros de conten\u00e7\u00e3o que aguardavam verbas para sua realiza\u00e7\u00e3o.<\/p>\n\n\n\n<p>Ao longo dos \u00faltimos meses, Fred tem visitado cidades de todo o estado, ouvindo a popula\u00e7\u00e3o e apresentando suas propostas. A maior parte das administra\u00e7\u00f5es locais conta quase exclusivamente com recursos federais ou de emendas parlamentares para a execu\u00e7\u00e3o de obras de mitiga\u00e7\u00e3o de riscos.<\/p>\n\n\n\n<p>\u201cEm muitos cen\u00e1rios, s\u00e3o melhorias estruturais at\u00e9 mesmo de baixa complexidade que n\u00e3o s\u00e3o executadas por falta de verbas. S\u00e3o pequenas interven\u00e7\u00f5es que trar\u00e3o um benef\u00edcio enorme para a popula\u00e7\u00e3o. O que falta \u00e9 o investimento do Governo do Estado. As cidades n\u00e3o podem mais arcar sozinhas com isso. Temos que acabar com a cultura de que o Estado s\u00f3 aparece no momento de resposta ao desastre\u201d, afirma o candidato.<\/p>\n\n\n\n<p>Fred foi presidente da Comiss\u00e3o Especial de Finan\u00e7as, Infraestrutura e Retomada Econ\u00f4mica, respons\u00e1vel pela elabora\u00e7\u00e3o de um relat\u00f3rio de mais de 500 p\u00e1ginas que promoveu mudan\u00e7as significativas na seguran\u00e7a urbana e na reconstru\u00e7\u00e3o de Petr\u00f3polis. \u00c9 tamb\u00e9m autor do Plano de Adapta\u00e7\u00e3o \u00e0s Mudan\u00e7as Clim\u00e1ticas e da proposta de cria\u00e7\u00e3o da Companhia de Geologia de Petr\u00f3polis.<\/p>\n\n\n\n<p><strong>Projetos para a preserva\u00e7\u00e3o ambiental e mitiga\u00e7\u00e3o de riscos<\/strong><\/p>\n\n\n\n<p>Na \u00e1rea ambiental, idealizou o Sistema de Preserva\u00e7\u00e3o de Nascentes e o Programa de Revitaliza\u00e7\u00e3o da Bacia Hidrogr\u00e1fica do Rio Piabanha, iniciativa que abrange sete munic\u00edpios da Regi\u00e3o Serrana. \u00c9 o autor do Novo C\u00f3digo de Obras e relator do Macrozoneamento em Petr\u00f3polis.<\/p>\n\n\n\n<p>Sua atua\u00e7\u00e3o tamb\u00e9m se deu no Executivo, atuou como secret\u00e1rio municipal de Meio Ambiente de Petr\u00f3polis, gest\u00e3o na qual implementou pol\u00edticas de preserva\u00e7\u00e3o e educa\u00e7\u00e3o ambiental \u2014 a exemplo do reflorestamento de \u00e1reas degradadas pelo temporal de 2011 na Regi\u00e3o Serrana \u2014, al\u00e9m de intensificar as a\u00e7\u00f5es de combate aos crimes ambientais.<\/p>\n","protected":false},"excerpt":{"rendered":"<p>Candidato a deputado estadual prop\u00f5e aumento do investimento em obras de mitiga\u00e7\u00e3o Preparar as cidades<\/p>\n","protected":false},"author":1,"featured_media":54107,"comment_status":"closed","ping_status":"open","sticky":false,"template":"","format":"standard","meta":{"footnotes":""},"categories":[5],"tags":[],"_links":{"self":[{"href":"https:\/\/jornaldeitaipava.com.br\/index.php\/wp-json\/wp\/v2\/posts\/54106"}],"collection":[{"href":"https:\/\/jornaldeitaipava.com.br\/index.php\/wp-json\/wp\/v2\/posts"}],"about":[{"href":"https:\/\/jornaldeitaipava.com.br\/index.php\/wp-json\/wp\/v2\/types\/post"}],"author":[{"embeddable":true,"href":"https:\/\/jornaldeitaipava.com.br\/index.php\/wp-json\/wp\/v2\/users\/1"}],"replies":[{"embeddable":true,"href":"https:\/\/jornaldeitaipava.com.br\/index.php\/wp-json\/wp\/v2\/comments?post=54106"}],"version-history":[{"count":1,"href":"https:\/\/jornaldeitaipava.com.br\/index.php\/wp-json\/wp\/v2\/posts\/54106\/revisions"}],"predecessor-version":[{"id":54109,"href":"https:\/\/jornaldeitaipava.com.br\/index.php\/wp-json\/wp\/v2\/posts\/54106\/revisions\/54109"}],"wp:featuredmedia":[{"embeddable":true,"href":"https:\/\/jornaldeitaipava.com.br\/index.php\/wp-json\/wp\/v2\/media\/54107"}],"wp:attachment":[{"href":"https:\/\/jornaldeitaipava.com.br\/index.php\/wp-json\/wp\/v2\/media?parent=54106"}],"wp:term":[{"taxonomy":"category","embeddable":true,"href":"https:\/\/jornaldeitaipava.com.br\/index.php\/wp-json\/wp\/v2\/categories?post=54106"},{"taxonomy":"post_tag","embeddable":true,"href":"https:\/\/jornaldeitaipava.com.br\/index.php\/wp-json\/wp\/v2\/tags?post=54106"}],"curies":[{"name":"wp","href":"https:\/\/api.w.org\/{rel}","templated":true}]}}