{"id":54110,"date":"2026-09-03T19:35:46","date_gmt":"2026-09-03T22:35:46","guid":{"rendered":"http:\/\/jornaldeitaipava.com.br\/?p=54110"},"modified":"2026-09-03T19:35:47","modified_gmt":"2026-09-03T22:35:47","slug":"s-ou-s-celebra-40-anos-de-historia-com-show-especial-na-oktoberfest-petropolis","status":"publish","type":"post","link":"https:\/\/jornaldeitaipava.com.br\/index.php\/2026\/09\/03\/s-ou-s-celebra-40-anos-de-historia-com-show-especial-na-oktoberfest-petropolis\/","title":{"rendered":"S ou S celebra 40 anos de hist\u00f3ria com show especial na Oktoberfest Petr\u00f3polis"},"content":{"rendered":"\n<p>Uma das bandas mais tradicionais de Petr\u00f3polis, a S ou S celebra 40 anos de estrada com um show especial no dia 7 de setembro, \u00e0s 17h, no Parque de Exposi\u00e7\u00f5es, em Itaipava. A apresenta\u00e7\u00e3o integra a programa\u00e7\u00e3o da Oktoberfest Petr\u00f3polis e re\u00fane m\u00fasica, nostalgia e sucessos que atravessaram gera\u00e7\u00f5es.<\/p>\n\n\n\n<p>Para celebrar as quatro d\u00e9cadas de trajet\u00f3ria, a S ou S prepara uma novidade no repert\u00f3rio. Al\u00e9m do melhor do pop e rock dos anos 1980, 1990 e 2000, os m\u00fasicos v\u00e3o relembrar can\u00e7\u00f5es autorais que marcaram a hist\u00f3ria da banda. Entre os cl\u00e1ssicos est\u00e1 \u201cOs Quatro Cantos da Cidade\u201d, que se tornou conhecida por uma gera\u00e7\u00e3o de petropolitanos. O show vai contar, ainda, com a participa\u00e7\u00e3o especial do guitarrista Diego Carbonelli, amigo de longa data dos m\u00fasicos.<\/p>\n\n\n\n<p>\u201cAo longo dessa caminhada, colecionamos muito mais do que shows. S\u00e3o mem\u00f3rias, risadas, desafios superados, viagens, reencontros e o carinho de um p\u00fablico que fez quest\u00e3o de caminhar ao nosso lado. Esperamos cada um para celebrar conosco mais este momento\u201d, convida Robson, baixista da S ou S.<\/p>\n\n\n\n<p>Para acompanhar a agenda da banda, siga @bandasous no Instagram.<\/p>\n\n\n\n<p><strong>SERVI\u00c7O<br><\/strong>S ou S 40 anos na Oktoberfest Petr\u00f3polis<br>Data: 07 de setembro<br>Hor\u00e1rio: 17h<br>Local: Parque Municipal Prefeito Paulo Rattes \u2013 Itaipava<\/p>\n","protected":false},"excerpt":{"rendered":"<p>Uma das bandas mais tradicionais de Petr\u00f3polis, a S ou S celebra 40 anos de<\/p>\n","protected":false},"author":1,"featured_media":54111,"comment_status":"closed","ping_status":"open","sticky":false,"template":"","format":"standard","meta":{"footnotes":""},"categories":[42],"tags":[],"_links":{"self":[{"href":"https:\/\/jornaldeitaipava.com.br\/index.php\/wp-json\/wp\/v2\/posts\/54110"}],"collection":[{"href":"https:\/\/jornaldeitaipava.com.br\/index.php\/wp-json\/wp\/v2\/posts"}],"about":[{"href":"https:\/\/jornaldeitaipava.com.br\/index.php\/wp-json\/wp\/v2\/types\/post"}],"author":[{"embeddable":true,"href":"https:\/\/jornaldeitaipava.com.br\/index.php\/wp-json\/wp\/v2\/users\/1"}],"replies":[{"embeddable":true,"href":"https:\/\/jornaldeitaipava.com.br\/index.php\/wp-json\/wp\/v2\/comments?post=54110"}],"version-history":[{"count":1,"href":"https:\/\/jornaldeitaipava.com.br\/index.php\/wp-json\/wp\/v2\/posts\/54110\/revisions"}],"predecessor-version":[{"id":54112,"href":"https:\/\/jornaldeitaipava.com.br\/index.php\/wp-json\/wp\/v2\/posts\/54110\/revisions\/54112"}],"wp:featuredmedia":[{"embeddable":true,"href":"https:\/\/jornaldeitaipava.com.br\/index.php\/wp-json\/wp\/v2\/media\/54111"}],"wp:attachment":[{"href":"https:\/\/jornaldeitaipava.com.br\/index.php\/wp-json\/wp\/v2\/media?parent=54110"}],"wp:term":[{"taxonomy":"category","embeddable":true,"href":"https:\/\/jornaldeitaipava.com.br\/index.php\/wp-json\/wp\/v2\/categories?post=54110"},{"taxonomy":"post_tag","embeddable":true,"href":"https:\/\/jornaldeitaipava.com.br\/index.php\/wp-json\/wp\/v2\/tags?post=54110"}],"curies":[{"name":"wp","href":"https:\/\/api.w.org\/{rel}","templated":true}]}}