{"id":54113,"date":"2026-09-03T19:41:53","date_gmt":"2026-09-03T22:41:53","guid":{"rendered":"http:\/\/jornaldeitaipava.com.br\/?p=54113"},"modified":"2026-09-03T19:41:55","modified_gmt":"2026-09-03T22:41:55","slug":"unita-cobra-recapeamento-de-vias-que-dao-acesso-a-uniao-e-industria-em-itaipava","status":"publish","type":"post","link":"https:\/\/jornaldeitaipava.com.br\/index.php\/2026\/09\/03\/unita-cobra-recapeamento-de-vias-que-dao-acesso-a-uniao-e-industria-em-itaipava\/","title":{"rendered":"UNITA cobra recapeamento de vias que d\u00e3o acesso \u00e0 Uni\u00e3o e Ind\u00fastria em Itaipava"},"content":{"rendered":"\n<p><strong>Entidade alerta para condi\u00e7\u00f5es da Estrada Corr\u00eaa da Veiga onde buracos obrigam motoristas a invadir a contram\u00e3o e aumentam riscos de acidentes<\/strong><\/p>\n\n\n\n<p>A UNITA \u2013 Unidos por Itaipava volta a cobrar aten\u00e7\u00e3o do poder p\u00fablico para as condi\u00e7\u00f5es das vias que fazem liga\u00e7\u00e3o com a Estrada Uni\u00e3o e Ind\u00fastria e s\u00e3o fundamentais para a circula\u00e7\u00e3o de moradores, turistas e trabalhadores. Um dos exemplos \u00e9 a Estrada Corr\u00eaa da Veiga, que apresenta um trecho em condi\u00e7\u00f5es cr\u00edticas entre o ponto final e Santa M\u00f4nica. Na subida, os buracos ocupam boa parte da pista e, em alguns pontos, motoristas s\u00e3o obrigados a invadir a faixa contr\u00e1ria para conseguir fazer a passagem, aumentando o risco de acidentes.<\/p>\n\n\n\n<p>Para a entidade, a situa\u00e7\u00e3o revela que a discuss\u00e3o sobre mobilidade em Itaipava n\u00e3o pode ficar restrita \u00e0 Uni\u00e3o e Ind\u00fastria. As vias que d\u00e3o acesso ao principal eixo do distrito tamb\u00e9m precisam receber manuten\u00e7\u00e3o e recapeamento, j\u00e1 que concentram o deslocamento di\u00e1rio de moradores e funcionam como caminhos de chegada a hot\u00e9is, restaurantes, estabelecimentos comerciais e outras atividades que integram a economia local. A situa\u00e7\u00e3o da Corr\u00eaa da Veiga, em particular e de outras ruas importantes foi trazida \u00e0 Unita pelo empres\u00e1rio Rog\u00e9rio Elmor que transita diariamente no local.<\/p>\n\n\n\n<p>\u201cQuando falamos de mobilidade em Itaipava, precisamos olhar para todo o sistema vi\u00e1rio. A Uni\u00e3o e Ind\u00fastria \u00e9 a principal art\u00e9ria, mas existem diversas ruas que recebem o fluxo de moradores, visitantes e trabalhadores e que tamb\u00e9m precisam estar em condi\u00e7\u00f5es adequadas. A situa\u00e7\u00e3o relatada pelo Rog\u00e9rio Elmor \u00e9 uma dor compartilhada por v\u00e1rios empres\u00e1rios e moradores. N\u00e3o adianta pensar apenas na via principal se os acessos est\u00e3o comprometidos\u201d, afirma o presidente da UNITA, Alexandre Plantz.<\/p>\n\n\n\n<p>Al\u00e9m dos danos aos ve\u00edculos e dos transtornos para quem utiliza a via diariamente, a entidade chama aten\u00e7\u00e3o para a quest\u00e3o da seguran\u00e7a. Em dias de chuva, a situa\u00e7\u00e3o se agrava, j\u00e1 que a \u00e1gua escava ainda mais a pista, al\u00e9m de dificultar a percep\u00e7\u00e3o dos motoristas sobre a profundidade e a extens\u00e3o das \u00e1reas deterioradas.<\/p>\n\n\n\n<p>\u201cA situa\u00e7\u00e3o j\u00e1 \u00e9 ruim em um dia de sol, quando o motorista consegue enxergar os buracos e fazer uma manobra. Com chuva, o risco aumenta muito. A \u00e1gua esconde a profundidade das crateras e, ao mesmo tempo, a necessidade de desviar pode levar o ve\u00edculo para a contram\u00e3o\u201d, destaca Plantz.<\/p>\n\n\n\n<p>Para a UNITA, a recupera\u00e7\u00e3o dessas vias deve ser tratada como parte de uma pol\u00edtica de mobilidade e infraestrutura para o distrito, e n\u00e3o apenas como uma a\u00e7\u00e3o pontual de conserva\u00e7\u00e3o. A entidade defende que seja feito um levantamento das condi\u00e7\u00f5es das ruas que funcionam como acessos e alternativas \u00e0 Uni\u00e3o e Ind\u00fastria, com defini\u00e7\u00e3o de prioridades para recapeamento e manuten\u00e7\u00e3o.<\/p>\n\n\n\n<p>A preocupa\u00e7\u00e3o tamb\u00e9m est\u00e1 relacionada \u00e0 atividade econ\u00f4mica de Itaipava. O distrito concentra uma rede de hot\u00e9is, restaurantes, com\u00e9rcio e servi\u00e7os que depende de boas condi\u00e7\u00f5es de acesso para receber moradores e visitantes. Para a UNITA, a precariedade das vias secund\u00e1rias acaba afetando n\u00e3o apenas quem mora no local, mas toda a din\u00e2mica econ\u00f4mica do distrito.<\/p>\n\n\n\n<p>\u201cEssas ruas fazem parte da rota que movimenta a economia de Itaipava. Quem est\u00e1 hospedado em um hotel, vai a um restaurante, trabalha ou mora em uma dessas localidades precisa utilizar essas vias. Uma infraestrutura ruim interfere na mobilidade, na seguran\u00e7a e tamb\u00e9m na experi\u00eancia de quem visita o distrito\u201d, afirma o presidente da Unita.<\/p>\n","protected":false},"excerpt":{"rendered":"<p>Entidade alerta para condi\u00e7\u00f5es da Estrada Corr\u00eaa da Veiga onde buracos obrigam motoristas a invadir<\/p>\n","protected":false},"author":1,"featured_media":54114,"comment_status":"closed","ping_status":"open","sticky":false,"template":"","format":"standard","meta":{"footnotes":""},"categories":[24],"tags":[],"_links":{"self":[{"href":"https:\/\/jornaldeitaipava.com.br\/index.php\/wp-json\/wp\/v2\/posts\/54113"}],"collection":[{"href":"https:\/\/jornaldeitaipava.com.br\/index.php\/wp-json\/wp\/v2\/posts"}],"about":[{"href":"https:\/\/jornaldeitaipava.com.br\/index.php\/wp-json\/wp\/v2\/types\/post"}],"author":[{"embeddable":true,"href":"https:\/\/jornaldeitaipava.com.br\/index.php\/wp-json\/wp\/v2\/users\/1"}],"replies":[{"embeddable":true,"href":"https:\/\/jornaldeitaipava.com.br\/index.php\/wp-json\/wp\/v2\/comments?post=54113"}],"version-history":[{"count":1,"href":"https:\/\/jornaldeitaipava.com.br\/index.php\/wp-json\/wp\/v2\/posts\/54113\/revisions"}],"predecessor-version":[{"id":54115,"href":"https:\/\/jornaldeitaipava.com.br\/index.php\/wp-json\/wp\/v2\/posts\/54113\/revisions\/54115"}],"wp:featuredmedia":[{"embeddable":true,"href":"https:\/\/jornaldeitaipava.com.br\/index.php\/wp-json\/wp\/v2\/media\/54114"}],"wp:attachment":[{"href":"https:\/\/jornaldeitaipava.com.br\/index.php\/wp-json\/wp\/v2\/media?parent=54113"}],"wp:term":[{"taxonomy":"category","embeddable":true,"href":"https:\/\/jornaldeitaipava.com.br\/index.php\/wp-json\/wp\/v2\/categories?post=54113"},{"taxonomy":"post_tag","embeddable":true,"href":"https:\/\/jornaldeitaipava.com.br\/index.php\/wp-json\/wp\/v2\/tags?post=54113"}],"curies":[{"name":"wp","href":"https:\/\/api.w.org\/{rel}","templated":true}]}}