{"id":54119,"date":"2026-09-03T19:46:39","date_gmt":"2026-09-03T22:46:39","guid":{"rendered":"http:\/\/jornaldeitaipava.com.br\/?p=54119"},"modified":"2026-09-03T19:46:40","modified_gmt":"2026-09-03T22:46:40","slug":"governo-do-estado-do-rio-mobiliza-1-740-policiais-civis-para-reforcar-seguranca-no-rock-in-rio","status":"publish","type":"post","link":"https:\/\/jornaldeitaipava.com.br\/index.php\/2026\/09\/03\/governo-do-estado-do-rio-mobiliza-1-740-policiais-civis-para-reforcar-seguranca-no-rock-in-rio\/","title":{"rendered":"Governo do Estado do Rio mobiliza 1.740 policiais civis para refor\u00e7ar seguran\u00e7a no Rock in Rio"},"content":{"rendered":"\n<p><strong>Desse total, 725 agentes atuar\u00e3o diretamente na Cidade do Rock; esquema ter\u00e1 equipes especializadas, registro digital de ocorr\u00eancias e a\u00e7\u00f5es de preven\u00e7\u00e3o a furtos de celular<\/strong><\/p>\n\n\n\n<p>O Governo do Estado do Rio de Janeiro preparou um esquema especial da Pol\u00edcia Civil para refor\u00e7ar a seguran\u00e7a durante o Rock in Rio. Ao todo, 1.740 policiais civis&nbsp;ser\u00e3o&nbsp;mobilizados para o festival, sendo 725 agentes diretamente na Cidade do Rock, em equipes uniformizadas e \u00e0 paisana. O trabalho ter\u00e1 foco na preven\u00e7\u00e3o e repress\u00e3o a furtos e roubos, especialmente de celulares, al\u00e9m do atendimento r\u00e1pido \u00e0s ocorr\u00eancias.<\/p>\n\n\n\n<p>Para agilizar o atendimento ao p\u00fablico,&nbsp;ser\u00e3o&nbsp;disponibilizados seis pontos com tablets para o registro digital de ocorr\u00eancias, al\u00e9m do suporte da Central de Flagrantes Digital (CFDigital). O espa\u00e7o tamb\u00e9m ter\u00e1 uma extens\u00e3o da 16\u00aa DP (Barra da Tijuca), que funcionar\u00e1 em parceria com o Juizado Especial do Torcedor e dos Grandes Eventos.<\/p>\n\n\n\n<p>O esquema inclui ainda o refor\u00e7o das delegacias da regi\u00e3o, entre elas a 32\u00aa DP (Taquara), a 42\u00aa DP (Recreio dos Bandeirantes) e a Delegacia de Apoio ao Turismo (Deat). O monitoramento ser\u00e1 permanente e integrado, com participa\u00e7\u00e3o da Subsecretaria de Intelig\u00eancia (SSINTE), do Centro de Opera\u00e7\u00f5es da Cidade do Rock e das demais for\u00e7as de seguran\u00e7a p\u00fablica.<\/p>\n\n\n\n<p>O atendimento ao p\u00fablico tamb\u00e9m ter\u00e1 aten\u00e7\u00e3o especial \u00e0 prote\u00e7\u00e3o de grupos vulner\u00e1veis e turistas. Equipes especializadas estar\u00e3o mobilizadas para garantir acolhimento e encaminhamento adequado em casos que envolvam mulheres, crian\u00e7as e adolescentes, idosos e v\u00edtimas de crimes raciais e delitos de intoler\u00e2ncia. Participam desse trabalho a Delegacia de Atendimento \u00e0 Mulher (Deam), a Delegacia da Crian\u00e7a e do Adolescente (DCA), a Delegacia Especial de Atendimento \u00e0 Pessoa da Terceira Idade (Deapti), a Deat e a Delegacia de Crimes Raciais e Delitos de Intoler\u00e2ncia (Decradi).<\/p>\n\n\n\n<p>Peritos criminais e m\u00e9dicos-legistas tamb\u00e9m estar\u00e3o de plant\u00e3o durante o festival, garantindo suporte t\u00e9cnico e agilidade na apura\u00e7\u00e3o das ocorr\u00eancias que demandarem atendimento especializado.<\/p>\n","protected":false},"excerpt":{"rendered":"<p>Desse total, 725 agentes atuar\u00e3o diretamente na Cidade do Rock; esquema ter\u00e1 equipes especializadas, registro<\/p>\n","protected":false},"author":1,"featured_media":5218,"comment_status":"closed","ping_status":"open","sticky":false,"template":"","format":"standard","meta":{"footnotes":""},"categories":[44],"tags":[],"_links":{"self":[{"href":"https:\/\/jornaldeitaipava.com.br\/index.php\/wp-json\/wp\/v2\/posts\/54119"}],"collection":[{"href":"https:\/\/jornaldeitaipava.com.br\/index.php\/wp-json\/wp\/v2\/posts"}],"about":[{"href":"https:\/\/jornaldeitaipava.com.br\/index.php\/wp-json\/wp\/v2\/types\/post"}],"author":[{"embeddable":true,"href":"https:\/\/jornaldeitaipava.com.br\/index.php\/wp-json\/wp\/v2\/users\/1"}],"replies":[{"embeddable":true,"href":"https:\/\/jornaldeitaipava.com.br\/index.php\/wp-json\/wp\/v2\/comments?post=54119"}],"version-history":[{"count":1,"href":"https:\/\/jornaldeitaipava.com.br\/index.php\/wp-json\/wp\/v2\/posts\/54119\/revisions"}],"predecessor-version":[{"id":54120,"href":"https:\/\/jornaldeitaipava.com.br\/index.php\/wp-json\/wp\/v2\/posts\/54119\/revisions\/54120"}],"wp:featuredmedia":[{"embeddable":true,"href":"https:\/\/jornaldeitaipava.com.br\/index.php\/wp-json\/wp\/v2\/media\/5218"}],"wp:attachment":[{"href":"https:\/\/jornaldeitaipava.com.br\/index.php\/wp-json\/wp\/v2\/media?parent=54119"}],"wp:term":[{"taxonomy":"category","embeddable":true,"href":"https:\/\/jornaldeitaipava.com.br\/index.php\/wp-json\/wp\/v2\/categories?post=54119"},{"taxonomy":"post_tag","embeddable":true,"href":"https:\/\/jornaldeitaipava.com.br\/index.php\/wp-json\/wp\/v2\/tags?post=54119"}],"curies":[{"name":"wp","href":"https:\/\/api.w.org\/{rel}","templated":true}]}}