{"id":54126,"date":"2026-09-03T19:57:19","date_gmt":"2026-09-03T22:57:19","guid":{"rendered":"http:\/\/jornaldeitaipava.com.br\/?p=54126"},"modified":"2026-09-03T19:57:20","modified_gmt":"2026-09-03T22:57:20","slug":"sesc-celebra-80-anos-com-concerto-da-orquestra-jovem-no-quitandinha","status":"publish","type":"post","link":"https:\/\/jornaldeitaipava.com.br\/index.php\/2026\/09\/03\/sesc-celebra-80-anos-com-concerto-da-orquestra-jovem-no-quitandinha\/","title":{"rendered":"Sesc celebra 80 anos com concerto da Orquestra Jovem no Quitandinha"},"content":{"rendered":"\n<p><em>Jovens m\u00fasicos de 11 estados brasileiros se re\u00fanem em Petr\u00f3polis, no dia 13 de setembro, para uma apresenta\u00e7\u00e3o que celebra a diversidade cultural e o poder transformador da m\u00fasica<\/em><\/p>\n\n\n\n<p>A Orquestra Jovem Sesc Brasil se apresenta no dia 13 de setembro, no\u00a0<strong>Centro Cultural Sesc Quitandinha<\/strong>, em Petr\u00f3polis, em um concerto comemorativo aos 80 anos do Sesc. Formada por 59 jovens m\u00fasicos de 11 estados brasileiros, a orquestra re\u00fane diferentes trajet\u00f3rias e refer\u00eancias culturais. A apresenta\u00e7\u00e3o ser\u00e1 gratuita, no teatro da unidade, com retirada de ingressos antecipados pelo site\u00a0<a href=\"http:\/\/ingresso.com\/\" target=\"_blank\" rel=\"noreferrer noopener\">ingresso.com<\/a>\u00a0a partir desta quarta-feira (2\/9).<\/p>\n\n\n\n<p>Sob dire\u00e7\u00e3o art\u00edstica e reg\u00eancia do maestro Geovane Marquetti, a apresenta\u00e7\u00e3o contar\u00e1 com a participa\u00e7\u00e3o da jovem obo\u00edsta Queren Oliveira como solista convidada. O repert\u00f3rio inclui a composi\u00e7\u00e3o orquestral Trama das \u00c1guas Dan\u00e7antes, composta especialmente para a celebra\u00e7\u00e3o dos 80 anos do Sesc, inspirada no fluir dos ritmos brasileiros. Tamb\u00e9m comp\u00f5em o programa o cl\u00e1ssico latino-americano Mambo n\u00ba 5, de P\u00e9rez Prado, um medley com can\u00e7\u00f5es de Alceu Valen\u00e7a, cantor e compositor que tamb\u00e9m completou 80 anos recentemente, e can\u00e7\u00f5es da trilha sonora do filme Auto da Compadecida, al\u00e9m de obras do repert\u00f3rio internacional, como Medita\u00e7\u00e3o, da \u00f3pera Tha\u00efs, de Jules Massenet, e Gabriel&#8217;s Oboe, de Ennio Morricone.<\/p>\n\n\n\n<p>\u201cNesses 80 anos do Sesc, a Orquestra Jovem Sesc Brasil representa um legado que nos enche de orgulho. Ela nasceu de um trabalho constru\u00eddo desde 2004, a partir da forma\u00e7\u00e3o musical desenvolvida em diferentes estados do pa\u00eds. Para o Sesc, aprender m\u00fasica vai muito al\u00e9m de dominar um instrumento. \u00c9 tamb\u00e9m uma experi\u00eancia de conviv\u00eancia, atividade coletiva e forma\u00e7\u00e3o humana, que amplia horizontes e pode abrir novos caminhos pessoais e profissionais para esses jovens\u201d, explica a Diretora de Sa\u00fade, Cultura, Lazer e Assist\u00eancia do Departamento Nacional do Sesc, Diana Abreu.<\/p>\n\n\n\n<p>A apresenta\u00e7\u00e3o ganha um significado especial por acontecer no Centro Cultural Sesc Quitandinha, em Petr\u00f3polis, espa\u00e7o reconhecido por sua relev\u00e2ncia hist\u00f3rica e cultural. O encontro entre os jovens m\u00fasicos e o p\u00fablico refor\u00e7a a conex\u00e3o entre patrim\u00f4nio, arte e forma\u00e7\u00e3o de novas gera\u00e7\u00f5es.<\/p>\n\n\n\n<p><strong>Orquestra Jovem Sesc Brasil<\/strong><\/p>\n\n\n\n<p>Criada para estimular o interc\u00e2mbio art\u00edstico, a Orquestra Jovem Sesc Brasil re\u00fane talentos de projetos musicais do Sesc desenvolvidos nos estados de Goi\u00e1s, Maranh\u00e3o, Mato Grosso (Polo Socioambiental Sesc Pantanal), Mato Grosso do Sul, Minas Gerais, Par\u00e1, Para\u00edba, Paran\u00e1, Rio Grande do Sul, Roraima e Sergipe. Por meio da pr\u00e1tica coletiva, os projetos promovem inclus\u00e3o, forma\u00e7\u00e3o art\u00edstica e acesso \u00e0 cultura, criando oportunidades para jovens de diferentes realidades e regi\u00f5es brasileiras.<\/p>\n\n\n\n<p>Ao reunir m\u00fasicos de diversos estados, a orquestra tamb\u00e9m favorece a troca de experi\u00eancias e repert\u00f3rios culturais. Al\u00e9m do aprimoramento t\u00e9cnico e art\u00edstico, a pr\u00e1tica<a href=\"https:\/\/www.google.com\/maps\/search\/Quitandinha++Petr%C3%B3polis+(RJ)+%0D%0A+Avenida+Joaquim+Rolla++2?entry=gmail&amp;source=g\">&nbsp;<\/a>orquestral contribui para o desenvolvimento de compet\u00eancias como disciplina, concentra\u00e7\u00e3o, responsabilidade, trabalho em equipe e respeito \u00e0s diferen\u00e7as. A iniciativa busca ainda ampliar horizontes acad\u00eamicos e profissionais, aproximando novos p\u00fablicos da m\u00fasica de concerto.<\/p>\n\n\n\n<p><strong>SERVI\u00c7O<\/strong><\/p>\n\n\n\n<p><strong>Orquestra Jovem Sesc Brasil \u2013 Concerto comemorativo pelos 80 anos do Sesc<\/strong><\/p>\n\n\n\n<p>13 de setembro \u2013 18h<\/p>\n\n\n\n<p>Local: Centro Cultural Sesc&nbsp;<a href=\"https:\/\/www.google.com\/maps\/search\/Quitandinha++Petr%C3%B3polis+(RJ)+%0D%0A+Avenida+Joaquim+Rolla++2?entry=gmail&amp;source=g\">Quitandinha&nbsp;<\/a>\u2013&nbsp;<a href=\"https:\/\/www.google.com\/maps\/search\/Quitandinha++Petr%C3%B3polis+(RJ)+%0D%0A+Avenida+Joaquim+Rolla++2?entry=gmail&amp;source=g\">Petr\u00f3polis (RJ)<\/a><\/p>\n\n\n\n<p><a href=\"https:\/\/www.google.com\/maps\/search\/Quitandinha++Petr%C3%B3polis+(RJ)+%0D%0A+Avenida+Joaquim+Rolla++2?entry=gmail&amp;source=g\">Avenida Joaquim Rolla&nbsp;<\/a>\u2013&nbsp;<a href=\"https:\/\/www.google.com\/maps\/search\/Quitandinha++Petr%C3%B3polis+(RJ)+%0D%0A+Avenida+Joaquim+Rolla++2?entry=gmail&amp;source=g\">2<\/a><\/p>\n\n\n\n<p>Programa\u00e7\u00e3o: repert\u00f3rio com obras de P\u00e9rez Prado, Leandro Braga, Priscilla Ermel, Jules Massenet, Ennio Morricone, Alceu Valen\u00e7a e medley inspirado na trilha de O Auto da Compadecida.<\/p>\n\n\n\n<p>Ingressos a partir de 2 de setembro pelo Ingresso.com<\/p>\n","protected":false},"excerpt":{"rendered":"<p>Jovens m\u00fasicos de 11 estados brasileiros se re\u00fanem em Petr\u00f3polis, no dia 13 de setembro,<\/p>\n","protected":false},"author":1,"featured_media":54127,"comment_status":"closed","ping_status":"open","sticky":false,"template":"","format":"standard","meta":{"footnotes":""},"categories":[42],"tags":[],"_links":{"self":[{"href":"https:\/\/jornaldeitaipava.com.br\/index.php\/wp-json\/wp\/v2\/posts\/54126"}],"collection":[{"href":"https:\/\/jornaldeitaipava.com.br\/index.php\/wp-json\/wp\/v2\/posts"}],"about":[{"href":"https:\/\/jornaldeitaipava.com.br\/index.php\/wp-json\/wp\/v2\/types\/post"}],"author":[{"embeddable":true,"href":"https:\/\/jornaldeitaipava.com.br\/index.php\/wp-json\/wp\/v2\/users\/1"}],"replies":[{"embeddable":true,"href":"https:\/\/jornaldeitaipava.com.br\/index.php\/wp-json\/wp\/v2\/comments?post=54126"}],"version-history":[{"count":1,"href":"https:\/\/jornaldeitaipava.com.br\/index.php\/wp-json\/wp\/v2\/posts\/54126\/revisions"}],"predecessor-version":[{"id":54128,"href":"https:\/\/jornaldeitaipava.com.br\/index.php\/wp-json\/wp\/v2\/posts\/54126\/revisions\/54128"}],"wp:featuredmedia":[{"embeddable":true,"href":"https:\/\/jornaldeitaipava.com.br\/index.php\/wp-json\/wp\/v2\/media\/54127"}],"wp:attachment":[{"href":"https:\/\/jornaldeitaipava.com.br\/index.php\/wp-json\/wp\/v2\/media?parent=54126"}],"wp:term":[{"taxonomy":"category","embeddable":true,"href":"https:\/\/jornaldeitaipava.com.br\/index.php\/wp-json\/wp\/v2\/categories?post=54126"},{"taxonomy":"post_tag","embeddable":true,"href":"https:\/\/jornaldeitaipava.com.br\/index.php\/wp-json\/wp\/v2\/tags?post=54126"}],"curies":[{"name":"wp","href":"https:\/\/api.w.org\/{rel}","templated":true}]}}